{"id":9965,"date":"2010-07-08T16:31:12","date_gmt":"2010-07-08T19:31:12","guid":{"rendered":"http:\/\/www.ovelhaeletrica.com\/blog\/?p=9965"},"modified":"2010-07-08T16:31:43","modified_gmt":"2010-07-08T19:31:43","slug":"funk-do-corel","status":"publish","type":"post","link":"https:\/\/www.ovelhaeletrica.com\/blog\/2010_07_08_funk-do-corel.html","title":{"rendered":"Funk do Corel"},"content":{"rendered":"<p>C\u00d3r\u00e9\u00e9\u00e9\u00e9\u00e9\u00e9u&#8230;. n\u00e3o \u00e9 pacote Adobe n\u00e3o.<\/p>\n<p><center><iframe loading=\"lazy\" width=\"480\" height=\"385\" src=\"https:\/\/www.youtube.com\/embed\/8vH23u56Mhs\" frameborder=\"0\" allowfullscreen><\/iframe><\/center><\/p>\n<p>Roubado do agaynstty0. <\/p>\n","protected":false},"excerpt":{"rendered":"<p>C\u00d3r\u00e9\u00e9\u00e9\u00e9\u00e9\u00e9u&#8230;. n\u00e3o \u00e9 pacote Adobe n\u00e3o. Roubado do agaynstty0.<\/p>\n","protected":false},"author":9,"featured_media":0,"comment_status":"open","ping_status":"open","sticky":false,"template":"","format":"standard","meta":{"footnotes":""},"categories":[4],"tags":[397],"class_list":["post-9965","post","type-post","status-publish","format-standard","hentry","category-musica","tag-corel"],"_links":{"self":[{"href":"https:\/\/www.ovelhaeletrica.com\/blog\/wp-json\/wp\/v2\/posts\/9965","targetHints":{"allow":["GET"]}}],"collection":[{"href":"https:\/\/www.ovelhaeletrica.com\/blog\/wp-json\/wp\/v2\/posts"}],"about":[{"href":"https:\/\/www.ovelhaeletrica.com\/blog\/wp-json\/wp\/v2\/types\/post"}],"author":[{"embeddable":true,"href":"https:\/\/www.ovelhaeletrica.com\/blog\/wp-json\/wp\/v2\/users\/9"}],"replies":[{"embeddable":true,"href":"https:\/\/www.ovelhaeletrica.com\/blog\/wp-json\/wp\/v2\/comments?post=9965"}],"version-history":[{"count":0,"href":"https:\/\/www.ovelhaeletrica.com\/blog\/wp-json\/wp\/v2\/posts\/9965\/revisions"}],"wp:attachment":[{"href":"https:\/\/www.ovelhaeletrica.com\/blog\/wp-json\/wp\/v2\/media?parent=9965"}],"wp:term":[{"taxonomy":"category","embeddable":true,"href":"https:\/\/www.ovelhaeletrica.com\/blog\/wp-json\/wp\/v2\/categories?post=9965"},{"taxonomy":"post_tag","embeddable":true,"href":"https:\/\/www.ovelhaeletrica.com\/blog\/wp-json\/wp\/v2\/tags?post=9965"}],"curies":[{"name":"wp","href":"https:\/\/api.w.org\/{rel}","templated":true}]}}