{"id":9770,"date":"2010-06-19T15:08:36","date_gmt":"2010-06-19T18:08:36","guid":{"rendered":"http:\/\/www.ovelhaeletrica.com\/blog\/?p=9770"},"modified":"2010-06-19T15:08:36","modified_gmt":"2010-06-19T18:08:36","slug":"a-vuvuzela-chegou-a-terra-media","status":"publish","type":"post","link":"https:\/\/www.ovelhaeletrica.com\/blog\/2010_06_19_a-vuvuzela-chegou-a-terra-media.html","title":{"rendered":"A vuvuzela chegou \u00e0 Terra-M\u00e9dia"},"content":{"rendered":"<p>Disparada a id\u00e9ia mais engra\u00e7ada com vuvuzelas at\u00e9 agora.<br \/>\n<center><iframe loading=\"lazy\" width=\"660\" height=\"405\" src=\"https:\/\/www.youtube.com\/embed\/7B2LPxggvqY\" frameborder=\"0\" allowfullscreen><\/iframe><\/center><\/p>\n","protected":false},"excerpt":{"rendered":"<p>Disparada a id\u00e9ia mais engra\u00e7ada com vuvuzelas at\u00e9 agora.<\/p>\n","protected":false},"author":2,"featured_media":0,"comment_status":"open","ping_status":"open","sticky":false,"template":"","format":"standard","meta":{"footnotes":""},"categories":[1,9],"tags":[3],"class_list":["post-9770","post","type-post","status-publish","format-standard","hentry","category-blog","category-cinema","tag-videos"],"_links":{"self":[{"href":"https:\/\/www.ovelhaeletrica.com\/blog\/wp-json\/wp\/v2\/posts\/9770","targetHints":{"allow":["GET"]}}],"collection":[{"href":"https:\/\/www.ovelhaeletrica.com\/blog\/wp-json\/wp\/v2\/posts"}],"about":[{"href":"https:\/\/www.ovelhaeletrica.com\/blog\/wp-json\/wp\/v2\/types\/post"}],"author":[{"embeddable":true,"href":"https:\/\/www.ovelhaeletrica.com\/blog\/wp-json\/wp\/v2\/users\/2"}],"replies":[{"embeddable":true,"href":"https:\/\/www.ovelhaeletrica.com\/blog\/wp-json\/wp\/v2\/comments?post=9770"}],"version-history":[{"count":0,"href":"https:\/\/www.ovelhaeletrica.com\/blog\/wp-json\/wp\/v2\/posts\/9770\/revisions"}],"wp:attachment":[{"href":"https:\/\/www.ovelhaeletrica.com\/blog\/wp-json\/wp\/v2\/media?parent=9770"}],"wp:term":[{"taxonomy":"category","embeddable":true,"href":"https:\/\/www.ovelhaeletrica.com\/blog\/wp-json\/wp\/v2\/categories?post=9770"},{"taxonomy":"post_tag","embeddable":true,"href":"https:\/\/www.ovelhaeletrica.com\/blog\/wp-json\/wp\/v2\/tags?post=9770"}],"curies":[{"name":"wp","href":"https:\/\/api.w.org\/{rel}","templated":true}]}}