{"id":9721,"date":"2010-06-08T19:46:15","date_gmt":"2010-06-08T22:46:15","guid":{"rendered":"http:\/\/www.ovelhaeletrica.com\/blog\/?p=9721"},"modified":"2010-06-08T19:46:15","modified_gmt":"2010-06-08T22:46:15","slug":"dia-d-66-anos","status":"publish","type":"post","link":"https:\/\/www.ovelhaeletrica.com\/blog\/2010_06_08_dia-d-66-anos.html","title":{"rendered":"Dia D, 66 anos"},"content":{"rendered":"<p>No \u00faltimo dia 6. Para quem n\u00e3o se lembra mais, <a href=\"http:\/\/www.boston.com\/bigpicture\/2010\/06\/remembering_d-day_66_years_ago.html\" target=\"_blank\">a\u00ed v\u00e3o umas fotinhas<\/a>. <\/p>\n<p><a href=\"http:\/\/www.boston.com\/bigpicture\/2010\/06\/remembering_d-day_66_years_ago.html\" target=\"_blank\"><img loading=\"lazy\" decoding=\"async\" src=\"http:\/\/www.ovelhaeletrica.com\/blog\/wp-content\/uploads\/2010\/06\/diad.jpg\" alt=\"\" title=\"diad\" width=\"500\" height=\"351\" class=\"aligncenter size-full wp-image-9722\" srcset=\"https:\/\/www.ovelhaeletrica.com\/blog\/wp-content\/uploads\/2010\/06\/diad.jpg 500w, https:\/\/www.ovelhaeletrica.com\/blog\/wp-content\/uploads\/2010\/06\/diad-450x315.jpg 450w, https:\/\/www.ovelhaeletrica.com\/blog\/wp-content\/uploads\/2010\/06\/diad-300x210.jpg 300w\" sizes=\"auto, (max-width: 500px) 100vw, 500px\" \/><\/a><\/p>\n<p>Com atraso, eu sei, mas \u00e9 em dedica\u00e7\u00e3o ao Seu Borges e ao Seu Roberto. <\/p>\n","protected":false},"excerpt":{"rendered":"<p>No \u00faltimo dia 6. Para quem n\u00e3o se lembra mais, a\u00ed v\u00e3o umas fotinhas. Com atraso, eu sei, mas \u00e9 em dedica\u00e7\u00e3o ao Seu Borges e ao Seu Roberto.<\/p>\n","protected":false},"author":9,"featured_media":0,"comment_status":"open","ping_status":"open","sticky":false,"template":"","format":"standard","meta":{"footnotes":""},"categories":[29,13],"tags":[381],"class_list":["post-9721","post","type-post","status-publish","format-standard","hentry","category-fotografia","category-historia","tag-segunda-guerra"],"_links":{"self":[{"href":"https:\/\/www.ovelhaeletrica.com\/blog\/wp-json\/wp\/v2\/posts\/9721","targetHints":{"allow":["GET"]}}],"collection":[{"href":"https:\/\/www.ovelhaeletrica.com\/blog\/wp-json\/wp\/v2\/posts"}],"about":[{"href":"https:\/\/www.ovelhaeletrica.com\/blog\/wp-json\/wp\/v2\/types\/post"}],"author":[{"embeddable":true,"href":"https:\/\/www.ovelhaeletrica.com\/blog\/wp-json\/wp\/v2\/users\/9"}],"replies":[{"embeddable":true,"href":"https:\/\/www.ovelhaeletrica.com\/blog\/wp-json\/wp\/v2\/comments?post=9721"}],"version-history":[{"count":0,"href":"https:\/\/www.ovelhaeletrica.com\/blog\/wp-json\/wp\/v2\/posts\/9721\/revisions"}],"wp:attachment":[{"href":"https:\/\/www.ovelhaeletrica.com\/blog\/wp-json\/wp\/v2\/media?parent=9721"}],"wp:term":[{"taxonomy":"category","embeddable":true,"href":"https:\/\/www.ovelhaeletrica.com\/blog\/wp-json\/wp\/v2\/categories?post=9721"},{"taxonomy":"post_tag","embeddable":true,"href":"https:\/\/www.ovelhaeletrica.com\/blog\/wp-json\/wp\/v2\/tags?post=9721"}],"curies":[{"name":"wp","href":"https:\/\/api.w.org\/{rel}","templated":true}]}}