{"id":9411,"date":"2010-04-23T06:47:42","date_gmt":"2010-04-23T09:47:42","guid":{"rendered":"http:\/\/www.ovelhaeletrica.com\/blog\/?p=9411"},"modified":"2010-04-23T06:47:42","modified_gmt":"2010-04-23T09:47:42","slug":"o-trem-que-nunca-para-na-estacao","status":"publish","type":"post","link":"https:\/\/www.ovelhaeletrica.com\/blog\/2010_04_23_o-trem-que-nunca-para-na-estacao.html","title":{"rendered":"O trem que nunca para na esta\u00e7\u00e3o"},"content":{"rendered":"<p>Quem quer subir ou descer tem que ir para as cabines que se conectam ao teto do trem. Mas de cara j\u00e1 d\u00e1 para perceber v\u00e1rios problemas. N\u00e3o funcionaria em cidades de grandes popula\u00e7\u00f5es e tem gente ali falando que os passageiros sofreriam um grande impacto na hora do engate (ui).<br \/>\n<center><iframe loading=\"lazy\" width=\"500\" height=\"405\" src=\"https:\/\/www.youtube.com\/embed\/p9Ig19gYP9o\" frameborder=\"0\" allowfullscreen><\/iframe><\/center><\/p>\n","protected":false},"excerpt":{"rendered":"<p>Quem quer subir ou descer tem que ir para as cabines que se conectam ao teto do trem. Mas de cara j\u00e1 d\u00e1 para perceber v\u00e1rios problemas. N\u00e3o funcionaria em cidades de grandes popula\u00e7\u00f5es e tem gente ali falando que os passageiros sofreriam um grande impacto na hora do engate (ui).<\/p>\n","protected":false},"author":2,"featured_media":0,"comment_status":"open","ping_status":"open","sticky":false,"template":"","format":"standard","meta":{"footnotes":""},"categories":[1,54],"tags":[3],"class_list":["post-9411","post","type-post","status-publish","format-standard","hentry","category-blog","category-tecnologia","tag-videos"],"_links":{"self":[{"href":"https:\/\/www.ovelhaeletrica.com\/blog\/wp-json\/wp\/v2\/posts\/9411","targetHints":{"allow":["GET"]}}],"collection":[{"href":"https:\/\/www.ovelhaeletrica.com\/blog\/wp-json\/wp\/v2\/posts"}],"about":[{"href":"https:\/\/www.ovelhaeletrica.com\/blog\/wp-json\/wp\/v2\/types\/post"}],"author":[{"embeddable":true,"href":"https:\/\/www.ovelhaeletrica.com\/blog\/wp-json\/wp\/v2\/users\/2"}],"replies":[{"embeddable":true,"href":"https:\/\/www.ovelhaeletrica.com\/blog\/wp-json\/wp\/v2\/comments?post=9411"}],"version-history":[{"count":0,"href":"https:\/\/www.ovelhaeletrica.com\/blog\/wp-json\/wp\/v2\/posts\/9411\/revisions"}],"wp:attachment":[{"href":"https:\/\/www.ovelhaeletrica.com\/blog\/wp-json\/wp\/v2\/media?parent=9411"}],"wp:term":[{"taxonomy":"category","embeddable":true,"href":"https:\/\/www.ovelhaeletrica.com\/blog\/wp-json\/wp\/v2\/categories?post=9411"},{"taxonomy":"post_tag","embeddable":true,"href":"https:\/\/www.ovelhaeletrica.com\/blog\/wp-json\/wp\/v2\/tags?post=9411"}],"curies":[{"name":"wp","href":"https:\/\/api.w.org\/{rel}","templated":true}]}}