{"id":9400,"date":"2010-04-23T02:20:36","date_gmt":"2010-04-23T05:20:36","guid":{"rendered":"http:\/\/www.ovelhaeletrica.com\/blog\/?p=9400"},"modified":"2010-04-23T02:34:13","modified_gmt":"2010-04-23T05:34:13","slug":"comercial-proibido","status":"publish","type":"post","link":"https:\/\/www.ovelhaeletrica.com\/blog\/2010_04_23_comercial-proibido.html","title":{"rendered":"Comercial Proibido"},"content":{"rendered":"<p>Sei l\u00e1 se \u00e9 verdade e nem vou procurar saber.<br \/>\nMas aparentemente o comercial Lingerie abaixo foi proibido nas redes americanas de TV FOX e ABC (ou sei l\u00e1 se s\u00e3o inglesas) porque a modelo \u00e9 meio gordinha&#8230;.<\/p>\n<p><center><iframe loading=\"lazy\" width=\"560\" height=\"340\" src=\"https:\/\/www.youtube.com\/embed\/VMxyZQfMmM4\" frameborder=\"0\" allowfullscreen><\/iframe><\/center><\/p>\n<p>S\u00f3 a t\u00edtulo de informa\u00e7\u00e3o, o comercial da Victoria Secret \u00e9 liberado.<br \/>\nAcho que esses americamos esqueceram como s\u00e3o as mulheres de seu pa\u00eds&#8230;<\/p>\n<p><center><iframe loading=\"lazy\" width=\"560\" height=\"340\" src=\"https:\/\/www.youtube.com\/embed\/mjd1czCN648\" frameborder=\"0\" allowfullscreen><\/iframe><\/center><\/p>\n","protected":false},"excerpt":{"rendered":"<p>Sei l\u00e1 se \u00e9 verdade e nem vou procurar saber. Mas aparentemente o comercial Lingerie abaixo foi proibido nas redes americanas de TV FOX e ABC (ou sei l\u00e1 se s\u00e3o inglesas) porque a modelo \u00e9 meio gordinha&#8230;. S\u00f3 a t\u00edtulo de informa\u00e7\u00e3o, o comercial da Victoria Secret \u00e9 liberado. Acho que esses americamos esqueceram [&hellip;]<\/p>\n","protected":false},"author":11,"featured_media":0,"comment_status":"open","ping_status":"open","sticky":false,"template":"","format":"standard","meta":{"footnotes":""},"categories":[48,16],"tags":[371,661],"class_list":["post-9400","post","type-post","status-publish","format-standard","hentry","category-mule","category-propaganda","tag-censura","tag-propaganda"],"_links":{"self":[{"href":"https:\/\/www.ovelhaeletrica.com\/blog\/wp-json\/wp\/v2\/posts\/9400","targetHints":{"allow":["GET"]}}],"collection":[{"href":"https:\/\/www.ovelhaeletrica.com\/blog\/wp-json\/wp\/v2\/posts"}],"about":[{"href":"https:\/\/www.ovelhaeletrica.com\/blog\/wp-json\/wp\/v2\/types\/post"}],"author":[{"embeddable":true,"href":"https:\/\/www.ovelhaeletrica.com\/blog\/wp-json\/wp\/v2\/users\/11"}],"replies":[{"embeddable":true,"href":"https:\/\/www.ovelhaeletrica.com\/blog\/wp-json\/wp\/v2\/comments?post=9400"}],"version-history":[{"count":0,"href":"https:\/\/www.ovelhaeletrica.com\/blog\/wp-json\/wp\/v2\/posts\/9400\/revisions"}],"wp:attachment":[{"href":"https:\/\/www.ovelhaeletrica.com\/blog\/wp-json\/wp\/v2\/media?parent=9400"}],"wp:term":[{"taxonomy":"category","embeddable":true,"href":"https:\/\/www.ovelhaeletrica.com\/blog\/wp-json\/wp\/v2\/categories?post=9400"},{"taxonomy":"post_tag","embeddable":true,"href":"https:\/\/www.ovelhaeletrica.com\/blog\/wp-json\/wp\/v2\/tags?post=9400"}],"curies":[{"name":"wp","href":"https:\/\/api.w.org\/{rel}","templated":true}]}}