{"id":9321,"date":"2010-04-07T06:31:38","date_gmt":"2010-04-07T09:31:38","guid":{"rendered":"http:\/\/www.ovelhaeletrica.com\/blog\/?p=9321"},"modified":"2010-04-07T06:31:38","modified_gmt":"2010-04-07T09:31:38","slug":"zeca-diabo","status":"publish","type":"post","link":"https:\/\/www.ovelhaeletrica.com\/blog\/2010_04_07_zeca-diabo.html","title":{"rendered":"Zeca Diabo"},"content":{"rendered":"<p>Apresentador de TV amea\u00e7a alunos de jornalismo por causa de uma cr\u00edtica postada no <a href=\"http:\/\/criticadeponta.blogspot.com\/2010\/03\/um-modelo-nao-ser-seguido.html\" target=\"_blank\">blog<\/a> da universidade.<br \/>\nAp\u00f3s 10 anos falando sobre bandidos na televis\u00e3o, o pr\u00f3prio apresentador n\u00e3o se distingue das figuras criminosas que costuma mostrar no seu programa. Completamente descontrolado.<br \/>\n<center><iframe loading=\"lazy\" width=\"660\" height=\"525\" src=\"https:\/\/www.youtube.com\/embed\/CWtmOwHgTDA\" frameborder=\"0\" allowfullscreen><\/iframe><\/center><\/p>\n<p>Pior \u00e9 que uma coisa dessas deveria desmoralizar o cara e acabar com o programa, mas vai funcionar de maneira inversa e muita gente vai passar a assistir porque o cara \u00e9 pol\u00e9mico e fala o que vem na cabe\u00e7a.<\/p>\n","protected":false},"excerpt":{"rendered":"<p>Apresentador de TV amea\u00e7a alunos de jornalismo por causa de uma cr\u00edtica postada no blog da universidade. Ap\u00f3s 10 anos falando sobre bandidos na televis\u00e3o, o pr\u00f3prio apresentador n\u00e3o se distingue das figuras criminosas que costuma mostrar no seu programa. Completamente descontrolado. Pior \u00e9 que uma coisa dessas deveria desmoralizar o cara e acabar com [&hellip;]<\/p>\n","protected":false},"author":2,"featured_media":0,"comment_status":"open","ping_status":"open","sticky":false,"template":"","format":"standard","meta":{"footnotes":""},"categories":[1,98],"tags":[85,3],"class_list":["post-9321","post","type-post","status-publish","format-standard","hentry","category-blog","category-ferrao-do-marimbondo","tag-social","tag-videos"],"_links":{"self":[{"href":"https:\/\/www.ovelhaeletrica.com\/blog\/wp-json\/wp\/v2\/posts\/9321","targetHints":{"allow":["GET"]}}],"collection":[{"href":"https:\/\/www.ovelhaeletrica.com\/blog\/wp-json\/wp\/v2\/posts"}],"about":[{"href":"https:\/\/www.ovelhaeletrica.com\/blog\/wp-json\/wp\/v2\/types\/post"}],"author":[{"embeddable":true,"href":"https:\/\/www.ovelhaeletrica.com\/blog\/wp-json\/wp\/v2\/users\/2"}],"replies":[{"embeddable":true,"href":"https:\/\/www.ovelhaeletrica.com\/blog\/wp-json\/wp\/v2\/comments?post=9321"}],"version-history":[{"count":0,"href":"https:\/\/www.ovelhaeletrica.com\/blog\/wp-json\/wp\/v2\/posts\/9321\/revisions"}],"wp:attachment":[{"href":"https:\/\/www.ovelhaeletrica.com\/blog\/wp-json\/wp\/v2\/media?parent=9321"}],"wp:term":[{"taxonomy":"category","embeddable":true,"href":"https:\/\/www.ovelhaeletrica.com\/blog\/wp-json\/wp\/v2\/categories?post=9321"},{"taxonomy":"post_tag","embeddable":true,"href":"https:\/\/www.ovelhaeletrica.com\/blog\/wp-json\/wp\/v2\/tags?post=9321"}],"curies":[{"name":"wp","href":"https:\/\/api.w.org\/{rel}","templated":true}]}}