{"id":920,"date":"2006-04-12T23:08:36","date_gmt":"2006-04-13T01:08:36","guid":{"rendered":"http:\/\/www.ovelhaeletrica.com\/blog\/2006_04_12_rebelde-ou-malhacao.html"},"modified":"2006-04-12T23:08:36","modified_gmt":"2006-04-13T01:08:36","slug":"rebelde-ou-malhacao","status":"publish","type":"post","link":"https:\/\/www.ovelhaeletrica.com\/blog\/2006_04_12_rebelde-ou-malhacao.html","title":{"rendered":"Rebelde ou Malha\u00e7\u00e3o?"},"content":{"rendered":"<p>Dando sequ\u00eancia aos absurdos da produ\u00e7\u00e3o audiovisual nacional&#8230; Quem consegue ser pior? <strong>Rebelde<\/strong> ou <strong>Malha\u00e7\u00e3o<\/strong>? O Vlad tem <a href=\"http:\/\/www.gardenal.org\/ressacamoral\/2006\/03\/malhacao_x_rebelde.html\" target=\"_blank\">a reposta<\/a>.<\/p>\n","protected":false},"excerpt":{"rendered":"<p>Dando sequ\u00eancia aos absurdos da produ\u00e7\u00e3o audiovisual nacional&#8230; Quem consegue ser pior? Rebelde ou Malha\u00e7\u00e3o? O Vlad tem a reposta.<\/p>\n","protected":false},"author":9,"featured_media":0,"comment_status":"open","ping_status":"open","sticky":false,"template":"","format":"standard","meta":{"footnotes":""},"categories":[1,9,18],"tags":[],"class_list":["post-920","post","type-post","status-publish","format-standard","hentry","category-blog","category-cinema","category-series-e-tv"],"_links":{"self":[{"href":"https:\/\/www.ovelhaeletrica.com\/blog\/wp-json\/wp\/v2\/posts\/920","targetHints":{"allow":["GET"]}}],"collection":[{"href":"https:\/\/www.ovelhaeletrica.com\/blog\/wp-json\/wp\/v2\/posts"}],"about":[{"href":"https:\/\/www.ovelhaeletrica.com\/blog\/wp-json\/wp\/v2\/types\/post"}],"author":[{"embeddable":true,"href":"https:\/\/www.ovelhaeletrica.com\/blog\/wp-json\/wp\/v2\/users\/9"}],"replies":[{"embeddable":true,"href":"https:\/\/www.ovelhaeletrica.com\/blog\/wp-json\/wp\/v2\/comments?post=920"}],"version-history":[{"count":0,"href":"https:\/\/www.ovelhaeletrica.com\/blog\/wp-json\/wp\/v2\/posts\/920\/revisions"}],"wp:attachment":[{"href":"https:\/\/www.ovelhaeletrica.com\/blog\/wp-json\/wp\/v2\/media?parent=920"}],"wp:term":[{"taxonomy":"category","embeddable":true,"href":"https:\/\/www.ovelhaeletrica.com\/blog\/wp-json\/wp\/v2\/categories?post=920"},{"taxonomy":"post_tag","embeddable":true,"href":"https:\/\/www.ovelhaeletrica.com\/blog\/wp-json\/wp\/v2\/tags?post=920"}],"curies":[{"name":"wp","href":"https:\/\/api.w.org\/{rel}","templated":true}]}}