{"id":777,"date":"2006-03-13T15:57:57","date_gmt":"2006-03-13T17:57:57","guid":{"rendered":"http:\/\/www.ovelhaeletrica.com\/blog\/2006_03_13_festival-de-tattoo.html"},"modified":"2006-03-13T16:30:35","modified_gmt":"2006-03-13T18:30:35","slug":"festival-de-tattoo","status":"publish","type":"post","link":"https:\/\/www.ovelhaeletrica.com\/blog\/2006_03_13_festival-de-tattoo.html","title":{"rendered":"Festival de Tattoo"},"content":{"rendered":"<p>O Ronny comentou o festival alguns dias atr\u00e1s e a leitora\/tatuada <strong>Fabiana Fabiana<\/strong> <a href=\"http:\/\/www.flickr.com\/photos\/26905665@N00\/sets\/72057594081349158\/\" target=\"_blank\">foi l\u00e1 fotografar<\/a>. E n\u00e3o \u00e9 que tinha gente tatuando at\u00e9 a m\u00e3e&#8230; <a href=\"http:\/\/www.flickr.com\/photos\/26905665@N00\/112017574\/\" target=\"_blank\">olha\u00ed<\/a>.<\/p>\n","protected":false},"excerpt":{"rendered":"<p>O Ronny comentou o festival alguns dias atr\u00e1s e a leitora\/tatuada Fabiana Fabiana foi l\u00e1 fotografar. E n\u00e3o \u00e9 que tinha gente tatuando at\u00e9 a m\u00e3e&#8230; olha\u00ed.<\/p>\n","protected":false},"author":9,"featured_media":0,"comment_status":"open","ping_status":"open","sticky":false,"template":"","format":"standard","meta":{"footnotes":""},"categories":[1,72],"tags":[71],"class_list":["post-777","post","type-post","status-publish","format-standard","hentry","category-blog","category-eventos","tag-tattoo"],"_links":{"self":[{"href":"https:\/\/www.ovelhaeletrica.com\/blog\/wp-json\/wp\/v2\/posts\/777","targetHints":{"allow":["GET"]}}],"collection":[{"href":"https:\/\/www.ovelhaeletrica.com\/blog\/wp-json\/wp\/v2\/posts"}],"about":[{"href":"https:\/\/www.ovelhaeletrica.com\/blog\/wp-json\/wp\/v2\/types\/post"}],"author":[{"embeddable":true,"href":"https:\/\/www.ovelhaeletrica.com\/blog\/wp-json\/wp\/v2\/users\/9"}],"replies":[{"embeddable":true,"href":"https:\/\/www.ovelhaeletrica.com\/blog\/wp-json\/wp\/v2\/comments?post=777"}],"version-history":[{"count":0,"href":"https:\/\/www.ovelhaeletrica.com\/blog\/wp-json\/wp\/v2\/posts\/777\/revisions"}],"wp:attachment":[{"href":"https:\/\/www.ovelhaeletrica.com\/blog\/wp-json\/wp\/v2\/media?parent=777"}],"wp:term":[{"taxonomy":"category","embeddable":true,"href":"https:\/\/www.ovelhaeletrica.com\/blog\/wp-json\/wp\/v2\/categories?post=777"},{"taxonomy":"post_tag","embeddable":true,"href":"https:\/\/www.ovelhaeletrica.com\/blog\/wp-json\/wp\/v2\/tags?post=777"}],"curies":[{"name":"wp","href":"https:\/\/api.w.org\/{rel}","templated":true}]}}