{"id":7387,"date":"2009-06-12T21:18:42","date_gmt":"2009-06-13T00:18:42","guid":{"rendered":"http:\/\/www.ovelhaeletrica.com\/blog\/?p=7387"},"modified":"2009-06-12T21:49:05","modified_gmt":"2009-06-13T00:49:05","slug":"aleluia-vamos-queimar-os-ipods-iphones-e-mac-books-em-praca-publica","status":"publish","type":"post","link":"https:\/\/www.ovelhaeletrica.com\/blog\/2009_06_12_aleluia-vamos-queimar-os-ipods-iphones-e-mac-books-em-praca-publica.html","title":{"rendered":"Aleluia!!! Vamos queimar os iPods, iPhones e Mac Books em pra\u00e7a p\u00fablica!!"},"content":{"rendered":"<p>Transcri\u00e7\u00e3o de um peda\u00e7o do \u00f3timo texto do pastor Silas Adoniran Fonseca, que voc\u00ea pode encontrar <a href=\"http:\/\/igrejainternacional.wordpress.com\/2009\/06\/12\/a-maca\/\" target=_\"blank\">aqui, <\/a> sobre a Apple e seus produtos.<\/p>\n<p><em>&#8230; &#8220;Foi a\u00ed, ent\u00e3o, que tudo come\u00e7ou a ficar mais claro para n\u00f3s. A ma\u00e7\u00e3, como bem sabem, foi o fruto do pecado original. Assim diz G\u00eanesis 3:3: \u201cMas do fruto da \u00e1rvore que est\u00e1 no meio do jardim, disse Deus: N\u00e3o comereis dele, nem nele tocareis para que n\u00e3o morrais.\u201d. Comendo ent\u00e3o do fruto proibido, instigados pela serpente, Ad\u00e3o e Eva foram expulsos do Para\u00edso. Certamente o leitor reconhecer\u00e1 a refer\u00eancia no logotipo do celular em quest\u00e3o, que reproduzo abaixo:<\/em><\/p>\n<p><center><img loading=\"lazy\" decoding=\"async\" alt=\"\" src=\" http:\/\/felipepassa.files.wordpress.com\/2009\/06\/apple-logo.jpg?w=299&#038;h=300&#038;h=334\" title=\"maca-do-pecado\" class=\"alignnone\" width=\"299\" height=\"299\" \/><\/center><\/p>\n<p><em>O fato de um peda\u00e7o estar faltando \u00e9 evid\u00eancia irrefut\u00e1vel que trata-se de uma refer\u00eancia ao pecado original. O que muita gente infelizmente n\u00e3o sabe, seja por ignor\u00e2ncia, ou seja por obra do Satan\u00e1s, \u00e9 que a empresa em quest\u00e3o foi fundada \u00e0s escondidas em 1945 por uma seita sat\u00e2nica nos Estados Unidos, mas apenas em 1976 se tornou p\u00fablica, sendo assumida por Steve Jobs (Esteves Trabalho) . Para conseguir poder econ\u00f4mico, lan\u00e7am produtos eletr\u00f4nicos consagrados ao Satan\u00e1s com a refer\u00eancia \u00e0 ma\u00e7\u00e3 do pecado. Assim, ao comprar um produto dessa empresa, \u00e9 como se o comprador estivesse cometendo o mesmo pecado de Ad\u00e3o e Eva, ofendendo o Senhor Jesus Cristo, distanciando-se do para\u00edso e resignando-se a uma vida de eterno sofrimento. \u201cE a Ad\u00e3o disse: Porquanto deste ouvidos \u00e0 voz de tua mulher, e comeste da \u00e1rvore de que te ordenei, dizendo: N\u00e3o comer\u00e1s dela, maldita \u00e9 a terra por causa de ti; com dor comer\u00e1s dela todos os dias da tua vida.\u201d (G\u00eanesis 3:17)&#8221;.<br \/>\n<\/em><br \/>\nTo com o pastor e n\u00e3o abro!<br \/>\nDeixe seu iPhone comigo para se livar desse objeto de pecados. <\/p>\n<p>E voc\u00ea achando que o Microsoft era o imp\u00e9rio do mal&#8230;. jovens ing\u00eanuos&#8230;<\/p>\n","protected":false},"excerpt":{"rendered":"<p>Transcri\u00e7\u00e3o de um peda\u00e7o do \u00f3timo texto do pastor Silas Adoniran Fonseca, que voc\u00ea pode encontrar aqui, sobre a Apple e seus produtos. &#8230; &#8220;Foi a\u00ed, ent\u00e3o, que tudo come\u00e7ou a ficar mais claro para n\u00f3s. A ma\u00e7\u00e3, como bem sabem, foi o fruto do pecado original. Assim diz G\u00eanesis 3:3: \u201cMas do fruto da [&hellip;]<\/p>\n","protected":false},"author":11,"featured_media":0,"comment_status":"open","ping_status":"open","sticky":false,"template":"","format":"standard","meta":{"footnotes":""},"categories":[14],"tags":[236,238,237,8,239],"class_list":["post-7387","post","type-post","status-publish","format-standard","hentry","category-mondo-bizarro","tag-apple","tag-pastor","tag-pecado","tag-religiao","tag-sabedoria"],"_links":{"self":[{"href":"https:\/\/www.ovelhaeletrica.com\/blog\/wp-json\/wp\/v2\/posts\/7387","targetHints":{"allow":["GET"]}}],"collection":[{"href":"https:\/\/www.ovelhaeletrica.com\/blog\/wp-json\/wp\/v2\/posts"}],"about":[{"href":"https:\/\/www.ovelhaeletrica.com\/blog\/wp-json\/wp\/v2\/types\/post"}],"author":[{"embeddable":true,"href":"https:\/\/www.ovelhaeletrica.com\/blog\/wp-json\/wp\/v2\/users\/11"}],"replies":[{"embeddable":true,"href":"https:\/\/www.ovelhaeletrica.com\/blog\/wp-json\/wp\/v2\/comments?post=7387"}],"version-history":[{"count":0,"href":"https:\/\/www.ovelhaeletrica.com\/blog\/wp-json\/wp\/v2\/posts\/7387\/revisions"}],"wp:attachment":[{"href":"https:\/\/www.ovelhaeletrica.com\/blog\/wp-json\/wp\/v2\/media?parent=7387"}],"wp:term":[{"taxonomy":"category","embeddable":true,"href":"https:\/\/www.ovelhaeletrica.com\/blog\/wp-json\/wp\/v2\/categories?post=7387"},{"taxonomy":"post_tag","embeddable":true,"href":"https:\/\/www.ovelhaeletrica.com\/blog\/wp-json\/wp\/v2\/tags?post=7387"}],"curies":[{"name":"wp","href":"https:\/\/api.w.org\/{rel}","templated":true}]}}