{"id":606,"date":"2006-02-17T13:30:51","date_gmt":"2006-02-17T15:30:51","guid":{"rendered":"http:\/\/www.ovelhaeletrica.com\/blog\/2006_02_17_voce-ja-acordou-e-sentiu-vontade-de-ir-trabalhar-de-pijama.html"},"modified":"2006-02-17T14:05:09","modified_gmt":"2006-02-17T16:05:09","slug":"voce-ja-acordou-e-sentiu-vontade-de-ir-trabalhar-de-pijama","status":"publish","type":"post","link":"https:\/\/www.ovelhaeletrica.com\/blog\/2006_02_17_voce-ja-acordou-e-sentiu-vontade-de-ir-trabalhar-de-pijama.html","title":{"rendered":"Voc\u00ea j\u00e1 acordou e sentiu vontade de ir trabalhar sem tirar o pijama?"},"content":{"rendered":"<p>Parece que os coreanos tamb\u00e9m. Saiba mais sobre o <a href=\"http:\/\/noticias.terra.com.br\/popular\/interna\/0,,OI883360-EI1141,00.html\" target=_blank>Dia do Pijama<\/a>, criado pela empresa de roupas \u00edntimas Good People Co.<br \/>\n<center><img decoding=\"async\" src=\"http:\/\/img.terra.com.br\/i\/2006\/02\/17\/307534-6969-ga.jpg\" alt=\"\" \/><\/center><\/p>\n","protected":false},"excerpt":{"rendered":"<p>Parece que os coreanos tamb\u00e9m. Saiba mais sobre o Dia do Pijama, criado pela empresa de roupas \u00edntimas Good People Co.<\/p>\n","protected":false},"author":7,"featured_media":0,"comment_status":"open","ping_status":"open","sticky":false,"template":"","format":"standard","meta":{"footnotes":""},"categories":[1,14],"tags":[23],"class_list":["post-606","post","type-post","status-publish","format-standard","hentry","category-blog","category-mondo-bizarro","tag-moda"],"_links":{"self":[{"href":"https:\/\/www.ovelhaeletrica.com\/blog\/wp-json\/wp\/v2\/posts\/606","targetHints":{"allow":["GET"]}}],"collection":[{"href":"https:\/\/www.ovelhaeletrica.com\/blog\/wp-json\/wp\/v2\/posts"}],"about":[{"href":"https:\/\/www.ovelhaeletrica.com\/blog\/wp-json\/wp\/v2\/types\/post"}],"author":[{"embeddable":true,"href":"https:\/\/www.ovelhaeletrica.com\/blog\/wp-json\/wp\/v2\/users\/7"}],"replies":[{"embeddable":true,"href":"https:\/\/www.ovelhaeletrica.com\/blog\/wp-json\/wp\/v2\/comments?post=606"}],"version-history":[{"count":0,"href":"https:\/\/www.ovelhaeletrica.com\/blog\/wp-json\/wp\/v2\/posts\/606\/revisions"}],"wp:attachment":[{"href":"https:\/\/www.ovelhaeletrica.com\/blog\/wp-json\/wp\/v2\/media?parent=606"}],"wp:term":[{"taxonomy":"category","embeddable":true,"href":"https:\/\/www.ovelhaeletrica.com\/blog\/wp-json\/wp\/v2\/categories?post=606"},{"taxonomy":"post_tag","embeddable":true,"href":"https:\/\/www.ovelhaeletrica.com\/blog\/wp-json\/wp\/v2\/tags?post=606"}],"curies":[{"name":"wp","href":"https:\/\/api.w.org\/{rel}","templated":true}]}}