{"id":5900,"date":"2009-03-09T21:33:07","date_gmt":"2009-03-10T00:33:07","guid":{"rendered":"http:\/\/www.ovelhaeletrica.com\/blog\/?p=5900"},"modified":"2009-03-09T21:33:07","modified_gmt":"2009-03-10T00:33:07","slug":"controle-seu-ipod-fazendo-caretas","status":"publish","type":"post","link":"https:\/\/www.ovelhaeletrica.com\/blog\/2009_03_09_controle-seu-ipod-fazendo-caretas.html","title":{"rendered":"Controle seu ipod fazendo caretas."},"content":{"rendered":"<p>Acess\u00f3rio japon\u00eas permite usar &#8216;caretas&#8217; para controlar iPod<\/p>\n<p>Sistema l\u00ea mudan\u00e7as no canal auricular provocadas por express\u00f5es faciais.<\/p>\n<p><center><img loading=\"lazy\" decoding=\"async\" alt=\"\" src=\"http:\/\/g1.globo.com\/Noticias\/Tecnologia\/foto\/0,,19002170-EX,00.jpg\" title=\"careta\" class=\"aligncenter\" width=\"535\" height=\"335\" \/><\/center><\/p>\n<p>O interessante \u00e9 usar essa tecnologia para comandar outros babulhos de sua casa ou escrit\u00f3rio.<br \/>\nEm tempo: meio estranha a lingua dessa modelo da foto&#8230; parece meio bi-partida como uma lingua de cobra<\/p>\n<p>leia mais <a href=\"http:\/\/g1.globo.com\/Noticias\/Tecnologia\/0,,MUL1034843-6174,00.html\">aqui<\/a><\/p>\n","protected":false},"excerpt":{"rendered":"<p>Acess\u00f3rio japon\u00eas permite usar &#8216;caretas&#8217; para controlar iPod Sistema l\u00ea mudan\u00e7as no canal auricular provocadas por express\u00f5es faciais. O interessante \u00e9 usar essa tecnologia para comandar outros babulhos de sua casa ou escrit\u00f3rio. Em tempo: meio estranha a lingua dessa modelo da foto&#8230; parece meio bi-partida como uma lingua de cobra leia mais aqui<\/p>\n","protected":false},"author":11,"featured_media":0,"comment_status":"open","ping_status":"open","sticky":false,"template":"","format":"standard","meta":{"footnotes":""},"categories":[1],"tags":[],"class_list":["post-5900","post","type-post","status-publish","format-standard","hentry","category-blog"],"_links":{"self":[{"href":"https:\/\/www.ovelhaeletrica.com\/blog\/wp-json\/wp\/v2\/posts\/5900","targetHints":{"allow":["GET"]}}],"collection":[{"href":"https:\/\/www.ovelhaeletrica.com\/blog\/wp-json\/wp\/v2\/posts"}],"about":[{"href":"https:\/\/www.ovelhaeletrica.com\/blog\/wp-json\/wp\/v2\/types\/post"}],"author":[{"embeddable":true,"href":"https:\/\/www.ovelhaeletrica.com\/blog\/wp-json\/wp\/v2\/users\/11"}],"replies":[{"embeddable":true,"href":"https:\/\/www.ovelhaeletrica.com\/blog\/wp-json\/wp\/v2\/comments?post=5900"}],"version-history":[{"count":0,"href":"https:\/\/www.ovelhaeletrica.com\/blog\/wp-json\/wp\/v2\/posts\/5900\/revisions"}],"wp:attachment":[{"href":"https:\/\/www.ovelhaeletrica.com\/blog\/wp-json\/wp\/v2\/media?parent=5900"}],"wp:term":[{"taxonomy":"category","embeddable":true,"href":"https:\/\/www.ovelhaeletrica.com\/blog\/wp-json\/wp\/v2\/categories?post=5900"},{"taxonomy":"post_tag","embeddable":true,"href":"https:\/\/www.ovelhaeletrica.com\/blog\/wp-json\/wp\/v2\/tags?post=5900"}],"curies":[{"name":"wp","href":"https:\/\/api.w.org\/{rel}","templated":true}]}}