{"id":3565,"date":"2008-10-09T15:34:30","date_gmt":"2008-10-09T18:34:30","guid":{"rendered":"http:\/\/www.ovelhaeletrica.com\/blog\/?p=3565"},"modified":"2008-10-09T15:34:30","modified_gmt":"2008-10-09T18:34:30","slug":"webcam-que-faz-foto","status":"publish","type":"post","link":"https:\/\/www.ovelhaeletrica.com\/blog\/2008_10_09_webcam-que-faz-foto.html","title":{"rendered":"Webcam que faz foto"},"content":{"rendered":"<p>At\u00e9 que a id\u00e9ia do cara era boa, n\u00e9? Que vacil\u00e3o!<br \/>\n<center><img decoding=\"async\" src=\"http:\/\/img407.imageshack.us\/img407\/9524\/webfoto1ar3.jpg\"><\/center><\/p>\n<p><a href=\"http:\/\/img366.imageshack.us\/img366\/6365\/webfoto2ex3.jpg\" target=\"_blank\">Aqui<\/a> um print da p\u00e1gina e a <a href=\"http:\/\/www.orkut.com.br\/Main#CommMsgs.aspx?cmm=10910678&#038;tid=2570185748053202049&#038;na=1&#038;nst=1\" target=\"_blank\">comunidade no Orkut<\/a>. Detalhe para o recadinho do Pedro paquerando a Ana Clara e mandando os manos da UFS pro quinto dos infernos!<\/p>\n","protected":false},"excerpt":{"rendered":"<p>At\u00e9 que a id\u00e9ia do cara era boa, n\u00e9? Que vacil\u00e3o! Aqui um print da p\u00e1gina e a comunidade no Orkut. Detalhe para o recadinho do Pedro paquerando a Ana Clara e mandando os manos da UFS pro quinto dos infernos!<\/p>\n","protected":false},"author":2,"featured_media":0,"comment_status":"open","ping_status":"open","sticky":false,"template":"","format":"standard","meta":{"footnotes":""},"categories":[1],"tags":[2],"class_list":["post-3565","post","type-post","status-publish","format-standard","hentry","category-blog","tag-close-caption"],"_links":{"self":[{"href":"https:\/\/www.ovelhaeletrica.com\/blog\/wp-json\/wp\/v2\/posts\/3565","targetHints":{"allow":["GET"]}}],"collection":[{"href":"https:\/\/www.ovelhaeletrica.com\/blog\/wp-json\/wp\/v2\/posts"}],"about":[{"href":"https:\/\/www.ovelhaeletrica.com\/blog\/wp-json\/wp\/v2\/types\/post"}],"author":[{"embeddable":true,"href":"https:\/\/www.ovelhaeletrica.com\/blog\/wp-json\/wp\/v2\/users\/2"}],"replies":[{"embeddable":true,"href":"https:\/\/www.ovelhaeletrica.com\/blog\/wp-json\/wp\/v2\/comments?post=3565"}],"version-history":[{"count":0,"href":"https:\/\/www.ovelhaeletrica.com\/blog\/wp-json\/wp\/v2\/posts\/3565\/revisions"}],"wp:attachment":[{"href":"https:\/\/www.ovelhaeletrica.com\/blog\/wp-json\/wp\/v2\/media?parent=3565"}],"wp:term":[{"taxonomy":"category","embeddable":true,"href":"https:\/\/www.ovelhaeletrica.com\/blog\/wp-json\/wp\/v2\/categories?post=3565"},{"taxonomy":"post_tag","embeddable":true,"href":"https:\/\/www.ovelhaeletrica.com\/blog\/wp-json\/wp\/v2\/tags?post=3565"}],"curies":[{"name":"wp","href":"https:\/\/api.w.org\/{rel}","templated":true}]}}