{"id":3537,"date":"2008-10-01T14:56:31","date_gmt":"2008-10-01T17:56:31","guid":{"rendered":"http:\/\/www.ovelhaeletrica.com\/blog\/?p=3537"},"modified":"2008-10-01T14:56:31","modified_gmt":"2008-10-01T17:56:31","slug":"foda-se-a-chuva","status":"publish","type":"post","link":"https:\/\/www.ovelhaeletrica.com\/blog\/2008_10_01_foda-se-a-chuva.html","title":{"rendered":"Foda-se a chuva!"},"content":{"rendered":"<p>O cara trabalha a semana toda debaixo de sol e quando chega o fim-de-semana chove. Da\u00ed voc\u00ea usa esse guarda-chuva <a href=\"http:\/\/www.artlebedev.com\/everything\/fuck-the-rain\/\"target=\"_blank\">aqui<\/a>.<br \/>\n<center><img decoding=\"async\" src=\"http:\/\/img385.imageshack.us\/img385\/5981\/fuckumbrellaxr3.jpg\"><\/center><\/p>\n<p><center>Vis\u00e3o de cima<br \/>\n<img decoding=\"async\" src=\"http:\/\/img253.imageshack.us\/img253\/4330\/fuckumbrella2bd0.jpg\"><\/center><\/p>\n","protected":false},"excerpt":{"rendered":"<p>O cara trabalha a semana toda debaixo de sol e quando chega o fim-de-semana chove. Da\u00ed voc\u00ea usa esse guarda-chuva aqui. Vis\u00e3o de cima<\/p>\n","protected":false},"author":2,"featured_media":0,"comment_status":"open","ping_status":"open","sticky":false,"template":"","format":"standard","meta":{"footnotes":""},"categories":[1],"tags":[56,23],"class_list":["post-3537","post","type-post","status-publish","format-standard","hentry","category-blog","tag-design","tag-moda"],"_links":{"self":[{"href":"https:\/\/www.ovelhaeletrica.com\/blog\/wp-json\/wp\/v2\/posts\/3537","targetHints":{"allow":["GET"]}}],"collection":[{"href":"https:\/\/www.ovelhaeletrica.com\/blog\/wp-json\/wp\/v2\/posts"}],"about":[{"href":"https:\/\/www.ovelhaeletrica.com\/blog\/wp-json\/wp\/v2\/types\/post"}],"author":[{"embeddable":true,"href":"https:\/\/www.ovelhaeletrica.com\/blog\/wp-json\/wp\/v2\/users\/2"}],"replies":[{"embeddable":true,"href":"https:\/\/www.ovelhaeletrica.com\/blog\/wp-json\/wp\/v2\/comments?post=3537"}],"version-history":[{"count":0,"href":"https:\/\/www.ovelhaeletrica.com\/blog\/wp-json\/wp\/v2\/posts\/3537\/revisions"}],"wp:attachment":[{"href":"https:\/\/www.ovelhaeletrica.com\/blog\/wp-json\/wp\/v2\/media?parent=3537"}],"wp:term":[{"taxonomy":"category","embeddable":true,"href":"https:\/\/www.ovelhaeletrica.com\/blog\/wp-json\/wp\/v2\/categories?post=3537"},{"taxonomy":"post_tag","embeddable":true,"href":"https:\/\/www.ovelhaeletrica.com\/blog\/wp-json\/wp\/v2\/tags?post=3537"}],"curies":[{"name":"wp","href":"https:\/\/api.w.org\/{rel}","templated":true}]}}