{"id":2777,"date":"2007-07-14T15:03:09","date_gmt":"2007-07-14T18:03:09","guid":{"rendered":"http:\/\/www.ovelhaeletrica.com\/blog\/2007_07_14_torcida-pelo-touro.html"},"modified":"2007-07-14T16:02:18","modified_gmt":"2007-07-14T19:02:18","slug":"torcida-pelo-touro","status":"publish","type":"post","link":"https:\/\/www.ovelhaeletrica.com\/blog\/2007_07_14_torcida-pelo-touro.html","title":{"rendered":"Torcida pelo touro"},"content":{"rendered":"<p>Durante as <a href=\"http:\/\/pt.wikipedia.org\/wiki\/Festas_de_S%C3%A3o_Firmino\" target=\"_blank\">Festas de S\u00e3o Firmino<\/a>, em Pamplona (Espanha), acontecem as famosas corridas de touro. Acho o espet\u00e1culo muito sem no\u00e7\u00e3o e sempre tor\u00e7o pelo touro. Por isso n\u00e3o me d\u00f3i quando vejo cenas como estas a\u00ed embaixo. <a href=\"http:\/\/www.knbc.com\/slideshow\/news\/13679015\/detail.html\" target=\"_blank\">Clique aqui<\/a> e <a href=\"http:\/\/www.elmundo.es\/albumes\/2007\/07\/12\/sexto_encierro_2007\/index_1.html\" target=\"_blank\">aqui<\/a> para ver a galeria de fotos dos que se fuderam na &#8220;festa&#8221;.<br \/>\n<center><img decoding=\"async\" src=\"http:\/\/img527.imageshack.us\/img527\/6460\/touro1ww6.jpg\"><\/center><\/p>\n<p><center><img decoding=\"async\" src=\"http:\/\/img230.imageshack.us\/img230\/848\/touro2ub2.jpg\"><\/center><\/p>\n","protected":false},"excerpt":{"rendered":"<p>Durante as Festas de S\u00e3o Firmino, em Pamplona (Espanha), acontecem as famosas corridas de touro. Acho o espet\u00e1culo muito sem no\u00e7\u00e3o e sempre tor\u00e7o pelo touro. Por isso n\u00e3o me d\u00f3i quando vejo cenas como estas a\u00ed embaixo. Clique aqui e aqui para ver a galeria de fotos dos que se fuderam na &#8220;festa&#8221;.<\/p>\n","protected":false},"author":2,"featured_media":0,"comment_status":"open","ping_status":"open","sticky":false,"template":"","format":"standard","meta":{"footnotes":""},"categories":[1],"tags":[45],"class_list":["post-2777","post","type-post","status-publish","format-standard","hentry","category-blog","tag-festivais"],"_links":{"self":[{"href":"https:\/\/www.ovelhaeletrica.com\/blog\/wp-json\/wp\/v2\/posts\/2777","targetHints":{"allow":["GET"]}}],"collection":[{"href":"https:\/\/www.ovelhaeletrica.com\/blog\/wp-json\/wp\/v2\/posts"}],"about":[{"href":"https:\/\/www.ovelhaeletrica.com\/blog\/wp-json\/wp\/v2\/types\/post"}],"author":[{"embeddable":true,"href":"https:\/\/www.ovelhaeletrica.com\/blog\/wp-json\/wp\/v2\/users\/2"}],"replies":[{"embeddable":true,"href":"https:\/\/www.ovelhaeletrica.com\/blog\/wp-json\/wp\/v2\/comments?post=2777"}],"version-history":[{"count":0,"href":"https:\/\/www.ovelhaeletrica.com\/blog\/wp-json\/wp\/v2\/posts\/2777\/revisions"}],"wp:attachment":[{"href":"https:\/\/www.ovelhaeletrica.com\/blog\/wp-json\/wp\/v2\/media?parent=2777"}],"wp:term":[{"taxonomy":"category","embeddable":true,"href":"https:\/\/www.ovelhaeletrica.com\/blog\/wp-json\/wp\/v2\/categories?post=2777"},{"taxonomy":"post_tag","embeddable":true,"href":"https:\/\/www.ovelhaeletrica.com\/blog\/wp-json\/wp\/v2\/tags?post=2777"}],"curies":[{"name":"wp","href":"https:\/\/api.w.org\/{rel}","templated":true}]}}