{"id":20218,"date":"2026-05-01T20:13:56","date_gmt":"2026-05-01T23:13:56","guid":{"rendered":"https:\/\/www.ovelhaeletrica.com\/blog\/?p=20218"},"modified":"2026-05-01T20:17:04","modified_gmt":"2026-05-01T23:17:04","slug":"criancas-pregadoras","status":"publish","type":"post","link":"https:\/\/www.ovelhaeletrica.com\/blog\/2026_05_01_criancas-pregadoras.html","title":{"rendered":"Crian\u00e7as pregadoras"},"content":{"rendered":"<p>Em 2015 eu falei e compartilhei aqui, na \u00e9poca, um document\u00e1rio do Channel 4 chamado <strong>Brazil&#8217;s Child Preachers<\/strong> (<a href=\"https:\/\/www.channel4.com\/programmes\/unreported-world\/on-demand\/60446-016\" target=\"_blank\">aqui<\/a>, mas s\u00f3 para cadastrados), que mostrava a explora\u00e7\u00e3o infantil de crian\u00e7as para pr\u00e1tiocas religiosas. O post ficou pouco tempo no ar por causa de um pai de uma das crian\u00e7as retratadas no document\u00e1rio que veio at\u00e9 aqui comentar e me amea\u00e7ar (guardei as amea\u00e7as em papel aqui). Decidi n\u00e3o levar a treta para as autoridades em respeito a imagem da crian\u00e7a e acabei por remover o post. <\/p>\n<p>Essa semana uma garota foi <a href=\"https:\/\/economia.uol.com.br\/colunas\/todos-a-bordo\/2026\/05\/01\/por-que-garota-que-pregou-em-voo-foi-advertida-entenda-as-regras.htm\" target=\"_blank\">contida num v\u00f4o por pregar<\/a> e o v\u00eddeo viralizou. Al\u00e9m de trabalho infantil, colocou em risco um v\u00f4o comercial. <\/p>\n<p>Falei na \u00e9poca e falo de novo: a pr\u00e1tica de explora\u00e7\u00e3o infantil em trabalho \u00e9 crime. Trabalho religioso deveria ter uma pena ainda maior. Com adicional de 50 anos de solit\u00e1ria, no inferno. <\/p>\n","protected":false},"excerpt":{"rendered":"<p>Em 2015 eu falei e compartilhei aqui, na \u00e9poca, um document\u00e1rio do Channel 4 chamado Brazil&#8217;s Child Preachers (aqui, mas s\u00f3 para cadastrados), que mostrava a explora\u00e7\u00e3o infantil de crian\u00e7as para pr\u00e1tiocas religiosas. O post ficou pouco tempo no ar por causa de um pai de uma das crian\u00e7as retratadas no document\u00e1rio que veio at\u00e9 [&hellip;]<\/p>\n","protected":false},"author":9,"featured_media":0,"comment_status":"open","ping_status":"open","sticky":false,"template":"","format":"standard","meta":{"footnotes":""},"categories":[14],"tags":[8],"class_list":["post-20218","post","type-post","status-publish","format-standard","hentry","category-mondo-bizarro","tag-religiao"],"_links":{"self":[{"href":"https:\/\/www.ovelhaeletrica.com\/blog\/wp-json\/wp\/v2\/posts\/20218","targetHints":{"allow":["GET"]}}],"collection":[{"href":"https:\/\/www.ovelhaeletrica.com\/blog\/wp-json\/wp\/v2\/posts"}],"about":[{"href":"https:\/\/www.ovelhaeletrica.com\/blog\/wp-json\/wp\/v2\/types\/post"}],"author":[{"embeddable":true,"href":"https:\/\/www.ovelhaeletrica.com\/blog\/wp-json\/wp\/v2\/users\/9"}],"replies":[{"embeddable":true,"href":"https:\/\/www.ovelhaeletrica.com\/blog\/wp-json\/wp\/v2\/comments?post=20218"}],"version-history":[{"count":5,"href":"https:\/\/www.ovelhaeletrica.com\/blog\/wp-json\/wp\/v2\/posts\/20218\/revisions"}],"predecessor-version":[{"id":20223,"href":"https:\/\/www.ovelhaeletrica.com\/blog\/wp-json\/wp\/v2\/posts\/20218\/revisions\/20223"}],"wp:attachment":[{"href":"https:\/\/www.ovelhaeletrica.com\/blog\/wp-json\/wp\/v2\/media?parent=20218"}],"wp:term":[{"taxonomy":"category","embeddable":true,"href":"https:\/\/www.ovelhaeletrica.com\/blog\/wp-json\/wp\/v2\/categories?post=20218"},{"taxonomy":"post_tag","embeddable":true,"href":"https:\/\/www.ovelhaeletrica.com\/blog\/wp-json\/wp\/v2\/tags?post=20218"}],"curies":[{"name":"wp","href":"https:\/\/api.w.org\/{rel}","templated":true}]}}