{"id":20215,"date":"2026-04-30T23:43:58","date_gmt":"2026-05-01T02:43:58","guid":{"rendered":"https:\/\/www.ovelhaeletrica.com\/blog\/?p=20215"},"modified":"2026-05-01T20:21:02","modified_gmt":"2026-05-01T23:21:02","slug":"lo-and-behold-reveries-of-the-connected-world","status":"publish","type":"post","link":"https:\/\/www.ovelhaeletrica.com\/blog\/2026_04_30_lo-and-behold-reveries-of-the-connected-world.html","title":{"rendered":"Lo and Behold, Reveries of the Connected World"},"content":{"rendered":"<p><img loading=\"lazy\" decoding=\"async\" src=\"http:\/\/www.ovelhaeletrica.com\/blog\/wp-content\/uploads\/2026\/04\/Screenshot-From-2026-05-01-20-20-37-1024x576.png\" alt=\"\" width=\"1024\" height=\"576\" class=\"aligncenter size-large wp-image-20225\" srcset=\"https:\/\/www.ovelhaeletrica.com\/blog\/wp-content\/uploads\/2026\/04\/Screenshot-From-2026-05-01-20-20-37-1024x576.png 1024w, https:\/\/www.ovelhaeletrica.com\/blog\/wp-content\/uploads\/2026\/04\/Screenshot-From-2026-05-01-20-20-37-300x169.png 300w, https:\/\/www.ovelhaeletrica.com\/blog\/wp-content\/uploads\/2026\/04\/Screenshot-From-2026-05-01-20-20-37-160x90.png 160w, https:\/\/www.ovelhaeletrica.com\/blog\/wp-content\/uploads\/2026\/04\/Screenshot-From-2026-05-01-20-20-37-768x432.png 768w, https:\/\/www.ovelhaeletrica.com\/blog\/wp-content\/uploads\/2026\/04\/Screenshot-From-2026-05-01-20-20-37-1536x864.png 1536w, https:\/\/www.ovelhaeletrica.com\/blog\/wp-content\/uploads\/2026\/04\/Screenshot-From-2026-05-01-20-20-37.png 1920w\" sizes=\"auto, (max-width: 1024px) 100vw, 1024px\" \/><\/p>\n<p>O v\u00eddeo inteiro, na faixa, <a href=\"https:\/\/www.dailymotion.com\/video\/x8rnshn\" target=\"_blank\">aqui<\/a>.<\/p>\n<p>A poesia visual de Werner Herzog, narrada na sua maneira peculiar, contando as origens da internet e as consequ\u00eancias do mundo conectado nesse filme de 2016. <\/p>\n<p>Tem no MUBI tamb\u00e9m: <a href=\"https:\/\/mubi.com\/pt\/br\/films\/lo-and-behold-reveries-of-the-connected-world\" target=\"_blank\">Eis os Del\u00edrios do Mundo Conectado<\/a>.<\/p>\n","protected":false},"excerpt":{"rendered":"<p>O v\u00eddeo inteiro, na faixa, aqui. A poesia visual de Werner Herzog, narrada na sua maneira peculiar, contando as origens da internet e as consequ\u00eancias do mundo conectado nesse filme de 2016. Tem no MUBI tamb\u00e9m: Eis os Del\u00edrios do Mundo Conectado.<\/p>\n","protected":false},"author":9,"featured_media":0,"comment_status":"open","ping_status":"open","sticky":false,"template":"","format":"standard","meta":{"footnotes":""},"categories":[67],"tags":[1598,133,1491,686],"class_list":["post-20215","post","type-post","status-publish","format-standard","hentry","category-documentarios","tag-dailymotion","tag-internet","tag-mubi","tag-werner-herzog"],"_links":{"self":[{"href":"https:\/\/www.ovelhaeletrica.com\/blog\/wp-json\/wp\/v2\/posts\/20215","targetHints":{"allow":["GET"]}}],"collection":[{"href":"https:\/\/www.ovelhaeletrica.com\/blog\/wp-json\/wp\/v2\/posts"}],"about":[{"href":"https:\/\/www.ovelhaeletrica.com\/blog\/wp-json\/wp\/v2\/types\/post"}],"author":[{"embeddable":true,"href":"https:\/\/www.ovelhaeletrica.com\/blog\/wp-json\/wp\/v2\/users\/9"}],"replies":[{"embeddable":true,"href":"https:\/\/www.ovelhaeletrica.com\/blog\/wp-json\/wp\/v2\/comments?post=20215"}],"version-history":[{"count":4,"href":"https:\/\/www.ovelhaeletrica.com\/blog\/wp-json\/wp\/v2\/posts\/20215\/revisions"}],"predecessor-version":[{"id":20226,"href":"https:\/\/www.ovelhaeletrica.com\/blog\/wp-json\/wp\/v2\/posts\/20215\/revisions\/20226"}],"wp:attachment":[{"href":"https:\/\/www.ovelhaeletrica.com\/blog\/wp-json\/wp\/v2\/media?parent=20215"}],"wp:term":[{"taxonomy":"category","embeddable":true,"href":"https:\/\/www.ovelhaeletrica.com\/blog\/wp-json\/wp\/v2\/categories?post=20215"},{"taxonomy":"post_tag","embeddable":true,"href":"https:\/\/www.ovelhaeletrica.com\/blog\/wp-json\/wp\/v2\/tags?post=20215"}],"curies":[{"name":"wp","href":"https:\/\/api.w.org\/{rel}","templated":true}]}}