{"id":19807,"date":"2025-05-05T18:18:03","date_gmt":"2025-05-05T21:18:03","guid":{"rendered":"https:\/\/www.ovelhaeletrica.com\/blog\/?p=19807"},"modified":"2025-05-05T18:23:12","modified_gmt":"2025-05-05T21:23:12","slug":"o-eternauta-2","status":"publish","type":"post","link":"https:\/\/www.ovelhaeletrica.com\/blog\/2025_05_05_o-eternauta-2.html","title":{"rendered":"O Eternauta"},"content":{"rendered":"<p><img loading=\"lazy\" decoding=\"async\" src=\"http:\/\/www.ovelhaeletrica.com\/blog\/wp-content\/uploads\/2025\/05\/013.jpg\" alt=\"\" width=\"640\" height=\"459\" class=\"aligncenter size-full wp-image-19809\" srcset=\"https:\/\/www.ovelhaeletrica.com\/blog\/wp-content\/uploads\/2025\/05\/013.jpg 640w, https:\/\/www.ovelhaeletrica.com\/blog\/wp-content\/uploads\/2025\/05\/013-300x215.jpg 300w, https:\/\/www.ovelhaeletrica.com\/blog\/wp-content\/uploads\/2025\/05\/013-160x115.jpg 160w\" sizes=\"auto, (max-width: 640px) 100vw, 640px\" \/><\/p>\n<p>E a\u00ed, j\u00e1 assistiu?  T\u00e1 no <strong>Netflix<\/strong>. Tudo come\u00e7a com uma estranha nevasca caindo em Buenos Aires e matando quem entra em contato com a estranha neve. Os poucos sobreviventes, entre eles o protagonista, decidem se organizar para sobreviver. E j\u00e1 confirmado que ter\u00e1 uma segunda temporada.<\/p>\n<p>A obra original foi escrita por <strong>H\u00e9ctor Germ\u00e1n Oesterheld<\/strong> no final dos anos 1950 e desenhada por <strong>Francisco Solano L\u00f3pez<\/strong>. Em 1969 ele reescreveu <strong>O Eternauta<\/strong>, dando um vi\u00e9s mais pol\u00edtico, com outro desenhista, o espetacular <strong>Alberto Breccia<\/strong>. <\/p>\n<p>Mas, pessoalmente, o que mais me comove nessa hist\u00f3ria \u00e9 a hist\u00f3ria pessoal do autor, <strong>Oesterheld<\/strong>, morto pela ditatura argentina em 1977 (outras fontes dizem que foi morto s\u00f3 1978). Mas antes da morte de Oesterheld, o governo militar da \u00e9poca fez quest\u00e3o de torturar e matar as 4 filhas do autor. Duas delas, gr\u00e1vidas. <\/p>\n<p>O lema da HQ e da s\u00e9rie ainda \u00e9 o mesmo e reflete como era a vida na ditadura: a \u00fanica maneira de sobreviver \u00e9 resistir, lutar juntos e ningu\u00e9m se salva sozinho. <\/p>\n<p>Arte da capa da edi\u00e7\u00e3o mexicana: <a href=\"https:\/\/jorgealderete.com\/el-eternauta\/\" target=\"_blank\">Dr. Alderete<\/a>. E <a href=\"https:\/\/www.ovelhaeletrica.com\/blog\/2021_05_14_a-historia-do-classico-o-eternauta.html\" target=\"_blank\">aqui<\/a> um document\u00e1rio sobre a HQ.<\/p>\n","protected":false},"excerpt":{"rendered":"<p>E a\u00ed, j\u00e1 assistiu? T\u00e1 no Netflix. Tudo come\u00e7a com uma estranha nevasca caindo em Buenos Aires e matando quem entra em contato com a estranha neve. Os poucos sobreviventes, entre eles o protagonista, decidem se organizar para sobreviver. E j\u00e1 confirmado que ter\u00e1 uma segunda temporada. A obra original foi escrita por H\u00e9ctor Germ\u00e1n [&hellip;]<\/p>\n","protected":false},"author":9,"featured_media":19809,"comment_status":"open","ping_status":"open","sticky":false,"template":"","format":"standard","meta":{"footnotes":""},"categories":[30,18],"tags":[1524,1317,1526,1525,1094],"class_list":["post-19807","post","type-post","status-publish","format-standard","has-post-thumbnail","hentry","category-hqs","category-series-e-tv","tag-alberto-breccia","tag-eternauta","tag-francisco-solano-lopez","tag-hector-german-oesterheld","tag-netflix"],"_links":{"self":[{"href":"https:\/\/www.ovelhaeletrica.com\/blog\/wp-json\/wp\/v2\/posts\/19807","targetHints":{"allow":["GET"]}}],"collection":[{"href":"https:\/\/www.ovelhaeletrica.com\/blog\/wp-json\/wp\/v2\/posts"}],"about":[{"href":"https:\/\/www.ovelhaeletrica.com\/blog\/wp-json\/wp\/v2\/types\/post"}],"author":[{"embeddable":true,"href":"https:\/\/www.ovelhaeletrica.com\/blog\/wp-json\/wp\/v2\/users\/9"}],"replies":[{"embeddable":true,"href":"https:\/\/www.ovelhaeletrica.com\/blog\/wp-json\/wp\/v2\/comments?post=19807"}],"version-history":[{"count":8,"href":"https:\/\/www.ovelhaeletrica.com\/blog\/wp-json\/wp\/v2\/posts\/19807\/revisions"}],"predecessor-version":[{"id":19817,"href":"https:\/\/www.ovelhaeletrica.com\/blog\/wp-json\/wp\/v2\/posts\/19807\/revisions\/19817"}],"wp:featuredmedia":[{"embeddable":true,"href":"https:\/\/www.ovelhaeletrica.com\/blog\/wp-json\/wp\/v2\/media\/19809"}],"wp:attachment":[{"href":"https:\/\/www.ovelhaeletrica.com\/blog\/wp-json\/wp\/v2\/media?parent=19807"}],"wp:term":[{"taxonomy":"category","embeddable":true,"href":"https:\/\/www.ovelhaeletrica.com\/blog\/wp-json\/wp\/v2\/categories?post=19807"},{"taxonomy":"post_tag","embeddable":true,"href":"https:\/\/www.ovelhaeletrica.com\/blog\/wp-json\/wp\/v2\/tags?post=19807"}],"curies":[{"name":"wp","href":"https:\/\/api.w.org\/{rel}","templated":true}]}}