{"id":1932,"date":"2006-09-15T15:01:37","date_gmt":"2006-09-15T17:01:37","guid":{"rendered":"http:\/\/www.ovelhaeletrica.com\/blog\/2006_09_15_tim-festival-2006.html"},"modified":"2006-09-15T15:04:26","modified_gmt":"2006-09-15T17:04:26","slug":"tim-festival-2006","status":"publish","type":"post","link":"https:\/\/www.ovelhaeletrica.com\/blog\/2006_09_15_tim-festival-2006.html","title":{"rendered":"TIM Festival 2006"},"content":{"rendered":"<p><center><img decoding=\"async\" src=\"http:\/\/img79.imageshack.us\/img79\/4157\/050128printhq9.jpg\"><\/center><\/p>\n<p>S\u00f3 pra avisar: <a href=\"http:\/\/www.timfestival.com.br\/concursocultural\/site.html\" target=\"_blank\">j\u00e1 t\u00e3o vendendo ingresso<\/a>. <\/p>\n","protected":false},"excerpt":{"rendered":"<p>S\u00f3 pra avisar: j\u00e1 t\u00e3o vendendo ingresso.<\/p>\n","protected":false},"author":9,"featured_media":0,"comment_status":"open","ping_status":"open","sticky":false,"template":"","format":"standard","meta":{"footnotes":""},"categories":[1,4],"tags":[45,43],"class_list":["post-1932","post","type-post","status-publish","format-standard","hentry","category-blog","category-musica","tag-festivais","tag-shows-festas"],"_links":{"self":[{"href":"https:\/\/www.ovelhaeletrica.com\/blog\/wp-json\/wp\/v2\/posts\/1932","targetHints":{"allow":["GET"]}}],"collection":[{"href":"https:\/\/www.ovelhaeletrica.com\/blog\/wp-json\/wp\/v2\/posts"}],"about":[{"href":"https:\/\/www.ovelhaeletrica.com\/blog\/wp-json\/wp\/v2\/types\/post"}],"author":[{"embeddable":true,"href":"https:\/\/www.ovelhaeletrica.com\/blog\/wp-json\/wp\/v2\/users\/9"}],"replies":[{"embeddable":true,"href":"https:\/\/www.ovelhaeletrica.com\/blog\/wp-json\/wp\/v2\/comments?post=1932"}],"version-history":[{"count":0,"href":"https:\/\/www.ovelhaeletrica.com\/blog\/wp-json\/wp\/v2\/posts\/1932\/revisions"}],"wp:attachment":[{"href":"https:\/\/www.ovelhaeletrica.com\/blog\/wp-json\/wp\/v2\/media?parent=1932"}],"wp:term":[{"taxonomy":"category","embeddable":true,"href":"https:\/\/www.ovelhaeletrica.com\/blog\/wp-json\/wp\/v2\/categories?post=1932"},{"taxonomy":"post_tag","embeddable":true,"href":"https:\/\/www.ovelhaeletrica.com\/blog\/wp-json\/wp\/v2\/tags?post=1932"}],"curies":[{"name":"wp","href":"https:\/\/api.w.org\/{rel}","templated":true}]}}