{"id":1911,"date":"2006-09-12T16:00:36","date_gmt":"2006-09-12T18:00:36","guid":{"rendered":"http:\/\/www.ovelhaeletrica.com\/blog\/2006_09_12_los-sebosos-postizos-terca-que-vem.html"},"modified":"2006-09-12T16:02:36","modified_gmt":"2006-09-12T18:02:36","slug":"los-sebosos-postizos-terca-que-vem","status":"publish","type":"post","link":"https:\/\/www.ovelhaeletrica.com\/blog\/2006_09_12_los-sebosos-postizos-terca-que-vem.html","title":{"rendered":"Los Sebosos Postizos, ter\u00e7a que vem"},"content":{"rendered":"<p>Na pr\u00f3xima ter\u00e7a-feira (19\/09), \u00e0s 20 horas, no Teatro Popular do SESI-SP. Segue o mini-release do show:<\/p>\n<p>Los Sebosos Postizos \u00e9 uma banda-tributo \u00e0 Jorge Ben Jor. Composta por Jorge Du Peixe (voz), L\u00facio Maia (guitarra), Pupillo (bateria), Dengue (contrabaixo) &#8211; integrantes da Na\u00e7\u00e3o Zumbi -, Bact\u00e9ria Malandragem (teclados) &#8211; integrante do Mundo Livre S. A. &#8211; e Gustavo da Lua (percuss\u00e3o). O grupo, j\u00e1 fez shows nas capitais pernambucana e paranaense, faz homenagens aos seus grandes \u00eddolos e apresenta releituras de m\u00fasicas de Jorge Ben referente aos anos 60 e 70, Tim Maia, The Zombies, cl\u00e1ssicos do ska e do reggae jamaicano.<\/p>\n<p><strong>Local:<\/strong> Teatro Popular do SESI &#8211; Av. Paulista, 1313 &#8211; metr\u00f4 Trianon Masp<br \/>\n<strong>Data:<\/strong> dia 19 de setembro<br \/>\n<strong>Hor\u00e1rio:<\/strong> 20 horas<br \/>\n<strong>Entrada:<\/strong> R$ 15 (inteira) e R$ 7 (meia &#8211; estudantes, professores da rede p\u00fablica, aposentados, idosos e benefici\u00e1rios do SESI) &#8211; Vendas na bilheteria do teatro ou pela Ticktmaster<br \/>\n<strong>Informa\u00e7\u00f5es:<\/strong> (11) 3146-7405<\/p>\n<p>Valeu Bia!<\/p>\n","protected":false},"excerpt":{"rendered":"<p>Na pr\u00f3xima ter\u00e7a-feira (19\/09), \u00e0s 20 horas, no Teatro Popular do SESI-SP. Segue o mini-release do show: Los Sebosos Postizos \u00e9 uma banda-tributo \u00e0 Jorge Ben Jor. Composta por Jorge Du Peixe (voz), L\u00facio Maia (guitarra), Pupillo (bateria), Dengue (contrabaixo) &#8211; integrantes da Na\u00e7\u00e3o Zumbi -, Bact\u00e9ria Malandragem (teclados) &#8211; integrante do Mundo Livre S. [&hellip;]<\/p>\n","protected":false},"author":9,"featured_media":0,"comment_status":"open","ping_status":"open","sticky":false,"template":"","format":"standard","meta":{"footnotes":""},"categories":[1,72,4],"tags":[],"class_list":["post-1911","post","type-post","status-publish","format-standard","hentry","category-blog","category-eventos","category-musica"],"_links":{"self":[{"href":"https:\/\/www.ovelhaeletrica.com\/blog\/wp-json\/wp\/v2\/posts\/1911","targetHints":{"allow":["GET"]}}],"collection":[{"href":"https:\/\/www.ovelhaeletrica.com\/blog\/wp-json\/wp\/v2\/posts"}],"about":[{"href":"https:\/\/www.ovelhaeletrica.com\/blog\/wp-json\/wp\/v2\/types\/post"}],"author":[{"embeddable":true,"href":"https:\/\/www.ovelhaeletrica.com\/blog\/wp-json\/wp\/v2\/users\/9"}],"replies":[{"embeddable":true,"href":"https:\/\/www.ovelhaeletrica.com\/blog\/wp-json\/wp\/v2\/comments?post=1911"}],"version-history":[{"count":0,"href":"https:\/\/www.ovelhaeletrica.com\/blog\/wp-json\/wp\/v2\/posts\/1911\/revisions"}],"wp:attachment":[{"href":"https:\/\/www.ovelhaeletrica.com\/blog\/wp-json\/wp\/v2\/media?parent=1911"}],"wp:term":[{"taxonomy":"category","embeddable":true,"href":"https:\/\/www.ovelhaeletrica.com\/blog\/wp-json\/wp\/v2\/categories?post=1911"},{"taxonomy":"post_tag","embeddable":true,"href":"https:\/\/www.ovelhaeletrica.com\/blog\/wp-json\/wp\/v2\/tags?post=1911"}],"curies":[{"name":"wp","href":"https:\/\/api.w.org\/{rel}","templated":true}]}}