{"id":18719,"date":"2021-11-25T00:08:26","date_gmt":"2021-11-25T03:08:26","guid":{"rendered":"http:\/\/www.ovelhaeletrica.com\/blog\/?p=18719"},"modified":"2021-11-25T00:08:26","modified_gmt":"2021-11-25T03:08:26","slug":"a-historia-de-maureen-moe-tucker","status":"publish","type":"post","link":"https:\/\/www.ovelhaeletrica.com\/blog\/2021_11_25_a-historia-de-maureen-moe-tucker.html","title":{"rendered":"A hist\u00f3ria de Maureen &#8216;Moe&#8217; Tucker"},"content":{"rendered":"<p><iframe loading=\"lazy\" width=\"560\" height=\"315\" src=\"https:\/\/www.youtube.com\/embed\/26Y-qPglJQ0\" title=\"YouTube video player\" frameborder=\"0\" allow=\"accelerometer; autoplay; clipboard-write; encrypted-media; gyroscope; picture-in-picture\" allowfullscreen><\/iframe><\/p>\n<p>A hist\u00f3ria, a t\u00e9cnica e o estilo de Maureen &#8216;Moe&#8217; Tucker, a baterista do Velvet Underground num document\u00e1rio caseiro que emociona pela dedica\u00e7\u00e3o do diretor: Cam Forrester.  <\/p>\n","protected":false},"excerpt":{"rendered":"<p>A hist\u00f3ria, a t\u00e9cnica e o estilo de Maureen &#8216;Moe&#8217; Tucker, a baterista do Velvet Underground num document\u00e1rio caseiro que emociona pela dedica\u00e7\u00e3o do diretor: Cam Forrester.<\/p>\n","protected":false},"author":9,"featured_media":18720,"comment_status":"open","ping_status":"open","sticky":false,"template":"","format":"standard","meta":{"footnotes":""},"categories":[67,4],"tags":[1353,1352,1351],"class_list":["post-18719","post","type-post","status-publish","format-standard","has-post-thumbnail","hentry","category-documentarios","category-musica","tag-bateirista","tag-maureen-moe-tucker","tag-velvet-underground"],"_links":{"self":[{"href":"https:\/\/www.ovelhaeletrica.com\/blog\/wp-json\/wp\/v2\/posts\/18719","targetHints":{"allow":["GET"]}}],"collection":[{"href":"https:\/\/www.ovelhaeletrica.com\/blog\/wp-json\/wp\/v2\/posts"}],"about":[{"href":"https:\/\/www.ovelhaeletrica.com\/blog\/wp-json\/wp\/v2\/types\/post"}],"author":[{"embeddable":true,"href":"https:\/\/www.ovelhaeletrica.com\/blog\/wp-json\/wp\/v2\/users\/9"}],"replies":[{"embeddable":true,"href":"https:\/\/www.ovelhaeletrica.com\/blog\/wp-json\/wp\/v2\/comments?post=18719"}],"version-history":[{"count":0,"href":"https:\/\/www.ovelhaeletrica.com\/blog\/wp-json\/wp\/v2\/posts\/18719\/revisions"}],"wp:featuredmedia":[{"embeddable":true,"href":"https:\/\/www.ovelhaeletrica.com\/blog\/wp-json\/wp\/v2\/media\/18720"}],"wp:attachment":[{"href":"https:\/\/www.ovelhaeletrica.com\/blog\/wp-json\/wp\/v2\/media?parent=18719"}],"wp:term":[{"taxonomy":"category","embeddable":true,"href":"https:\/\/www.ovelhaeletrica.com\/blog\/wp-json\/wp\/v2\/categories?post=18719"},{"taxonomy":"post_tag","embeddable":true,"href":"https:\/\/www.ovelhaeletrica.com\/blog\/wp-json\/wp\/v2\/tags?post=18719"}],"curies":[{"name":"wp","href":"https:\/\/api.w.org\/{rel}","templated":true}]}}