{"id":18362,"date":"2019-08-23T11:20:58","date_gmt":"2019-08-23T14:20:58","guid":{"rendered":"http:\/\/www.ovelhaeletrica.com\/blog\/?p=18362"},"modified":"2019-08-23T16:45:56","modified_gmt":"2019-08-23T19:45:56","slug":"a-amazonia-esta-queimando-isto-e-um-fato","status":"publish","type":"post","link":"https:\/\/www.ovelhaeletrica.com\/blog\/2019_08_23_a-amazonia-esta-queimando-isto-e-um-fato.html","title":{"rendered":"A Amaz\u00f4nia est\u00e1 queimando, isto \u00e9 um fato"},"content":{"rendered":"<p>Vamos analisar os fatos? A Amaz\u00f4nia est\u00e1 pegando fogo. Isso \u00e9 um fato. Pra tudo nessa vida voc\u00ea pode aplicar o m\u00e9todo cient\u00edfico \u00f3:<\/p>\n<p><img loading=\"lazy\" decoding=\"async\" src=\"http:\/\/www.ovelhaeletrica.com\/blog\/wp-content\/uploads\/2019\/08\/20245804_1889652784693115_8300978232673193291_n.png\" alt=\"\" width=\"642\" height=\"960\" class=\"aligncenter size-full wp-image-18364\" srcset=\"https:\/\/www.ovelhaeletrica.com\/blog\/wp-content\/uploads\/2019\/08\/20245804_1889652784693115_8300978232673193291_n.png 642w, https:\/\/www.ovelhaeletrica.com\/blog\/wp-content\/uploads\/2019\/08\/20245804_1889652784693115_8300978232673193291_n-160x239.png 160w, https:\/\/www.ovelhaeletrica.com\/blog\/wp-content\/uploads\/2019\/08\/20245804_1889652784693115_8300978232673193291_n-201x300.png 201w, https:\/\/www.ovelhaeletrica.com\/blog\/wp-content\/uploads\/2019\/08\/20245804_1889652784693115_8300978232673193291_n-200x299.png 200w, https:\/\/www.ovelhaeletrica.com\/blog\/wp-content\/uploads\/2019\/08\/20245804_1889652784693115_8300978232673193291_n-599x896.png 599w\" sizes=\"auto, (max-width: 642px) 100vw, 642px\" \/><\/p>\n<p>O que \u00e9 muito melhor que ficar s\u00f3 no campo da hip\u00f3tese ou aceitar como verdade suprema-absoluta o que ciclano ou beltrano diz (ou envia pelo Whatsapp\/Telegram). <\/p>\n<p>Entenda <a href=\"https:\/\/twitter.com\/metsul\/status\/1164701985041453062\" rel=\"noopener noreferrer\" target=\"_blank\">aqui<\/a> o que t\u00e1 rolando com a Amaz\u00f4nia. E no tweet a\u00ed abaixo tem uma thread inteira mostrando como o Bolsonaro lidou com a quest\u00e3o:<\/p>\n<blockquote class=\"twitter-tweet\">\n<p lang=\"pt\" dir=\"ltr\">O que o Bolsonaro tem a ver com o que est\u00e1 acontecendo na Amaz\u00f4nia? Por que dever\u00edamos culp\u00e1-lo? Qual a diferen\u00e7a do governo dele pros governos anteriores? Senta que l\u00e1 vem thread. Lista de todas as medidas tomadas por Bolsonaro em rela\u00e7\u00e3o ao meio ambiente at\u00e9 agora:<\/p>\n<p>&mdash; NASA, are you sure? (@biancagreinb) <a href=\"https:\/\/twitter.com\/biancagreinb\/status\/1164299483057967105?ref_src=twsrc%5Etfw\">August 21, 2019<\/a><\/p><\/blockquote>\n<p> <script async src=\"https:\/\/platform.twitter.com\/widgets.js\" charset=\"utf-8\"><\/script><\/p>\n<p>Que algu\u00e9m desenrolou <a href=\"https:\/\/threadreaderapp.com\/thread\/1164299483057967105.html\" rel=\"noopener noreferrer\" target=\"_blank\">aqui<\/a>.<\/p>\n<p>O que o Bolsonaro tem a ver com o que est\u00e1 acontecendo na Amaz\u00f4nia? Por que dever\u00edamos culp\u00e1-lo? Qual a diferen\u00e7a do governo dele pros governos anteriores? Senta que l\u00e1 vem thread. Lista de todas as medidas tomadas por Bolsonaro em rela\u00e7\u00e3o ao meio ambiente at\u00e9 agora:<\/p>\n<p>Questione. Sempre. Mas n\u00e3o ignore os fatos. Nem os cactos.<\/p>\n<p><img loading=\"lazy\" decoding=\"async\" src=\"http:\/\/www.ovelhaeletrica.com\/blog\/wp-content\/uploads\/2019\/08\/cactos.jpeg\" alt=\"\" width=\"972\" height=\"279\" class=\"aligncenter size-full wp-image-18365\" srcset=\"https:\/\/www.ovelhaeletrica.com\/blog\/wp-content\/uploads\/2019\/08\/cactos.jpeg 972w, https:\/\/www.ovelhaeletrica.com\/blog\/wp-content\/uploads\/2019\/08\/cactos-160x46.jpeg 160w, https:\/\/www.ovelhaeletrica.com\/blog\/wp-content\/uploads\/2019\/08\/cactos-300x86.jpeg 300w, https:\/\/www.ovelhaeletrica.com\/blog\/wp-content\/uploads\/2019\/08\/cactos-768x220.jpeg 768w, https:\/\/www.ovelhaeletrica.com\/blog\/wp-content\/uploads\/2019\/08\/cactos-200x57.jpeg 200w, https:\/\/www.ovelhaeletrica.com\/blog\/wp-content\/uploads\/2019\/08\/cactos-599x172.jpeg 599w\" sizes=\"auto, (max-width: 972px) 100vw, 972px\" \/><\/p>\n<p>Roubado da <a href=\"https:\/\/twitter.com\/LaerteCoutinho1\" rel=\"noopener noreferrer\" target=\"_blank\">Laerte<\/a>.<\/p>\n","protected":false},"excerpt":{"rendered":"<p>Vamos analisar os fatos? A Amaz\u00f4nia est\u00e1 pegando fogo. Isso \u00e9 um fato. Pra tudo nessa vida voc\u00ea pode aplicar o m\u00e9todo cient\u00edfico \u00f3: O que \u00e9 muito melhor que ficar s\u00f3 no campo da hip\u00f3tese ou aceitar como verdade suprema-absoluta o que ciclano ou beltrano diz (ou envia pelo Whatsapp\/Telegram). Entenda aqui o que [&hellip;]<\/p>\n","protected":false},"author":9,"featured_media":0,"comment_status":"open","ping_status":"open","sticky":false,"template":"","format":"standard","meta":{"footnotes":""},"categories":[21],"tags":[1275],"class_list":["post-18362","post","type-post","status-publish","format-standard","hentry","category-ciencia","tag-amazonia"],"_links":{"self":[{"href":"https:\/\/www.ovelhaeletrica.com\/blog\/wp-json\/wp\/v2\/posts\/18362","targetHints":{"allow":["GET"]}}],"collection":[{"href":"https:\/\/www.ovelhaeletrica.com\/blog\/wp-json\/wp\/v2\/posts"}],"about":[{"href":"https:\/\/www.ovelhaeletrica.com\/blog\/wp-json\/wp\/v2\/types\/post"}],"author":[{"embeddable":true,"href":"https:\/\/www.ovelhaeletrica.com\/blog\/wp-json\/wp\/v2\/users\/9"}],"replies":[{"embeddable":true,"href":"https:\/\/www.ovelhaeletrica.com\/blog\/wp-json\/wp\/v2\/comments?post=18362"}],"version-history":[{"count":1,"href":"https:\/\/www.ovelhaeletrica.com\/blog\/wp-json\/wp\/v2\/posts\/18362\/revisions"}],"predecessor-version":[{"id":18366,"href":"https:\/\/www.ovelhaeletrica.com\/blog\/wp-json\/wp\/v2\/posts\/18362\/revisions\/18366"}],"wp:attachment":[{"href":"https:\/\/www.ovelhaeletrica.com\/blog\/wp-json\/wp\/v2\/media?parent=18362"}],"wp:term":[{"taxonomy":"category","embeddable":true,"href":"https:\/\/www.ovelhaeletrica.com\/blog\/wp-json\/wp\/v2\/categories?post=18362"},{"taxonomy":"post_tag","embeddable":true,"href":"https:\/\/www.ovelhaeletrica.com\/blog\/wp-json\/wp\/v2\/tags?post=18362"}],"curies":[{"name":"wp","href":"https:\/\/api.w.org\/{rel}","templated":true}]}}