{"id":18149,"date":"2019-05-28T15:21:58","date_gmt":"2019-05-28T18:21:58","guid":{"rendered":"http:\/\/www.ovelhaeletrica.com\/blog\/?p=18149"},"modified":"2019-05-28T15:21:58","modified_gmt":"2019-05-28T18:21:58","slug":"burnout","status":"publish","type":"post","link":"https:\/\/www.ovelhaeletrica.com\/blog\/2019_05_28_burnout.html","title":{"rendered":"Burnout"},"content":{"rendered":"<p><img loading=\"lazy\" decoding=\"async\" src=\"http:\/\/www.ovelhaeletrica.com\/blog\/wp-content\/uploads\/2019\/05\/burnout.jpg\" alt=\"\" width=\"800\" height=\"1000\" class=\"aligncenter size-full wp-image-18150\" srcset=\"https:\/\/www.ovelhaeletrica.com\/blog\/wp-content\/uploads\/2019\/05\/burnout.jpg 800w, https:\/\/www.ovelhaeletrica.com\/blog\/wp-content\/uploads\/2019\/05\/burnout-160x200.jpg 160w, https:\/\/www.ovelhaeletrica.com\/blog\/wp-content\/uploads\/2019\/05\/burnout-240x300.jpg 240w, https:\/\/www.ovelhaeletrica.com\/blog\/wp-content\/uploads\/2019\/05\/burnout-768x960.jpg 768w, https:\/\/www.ovelhaeletrica.com\/blog\/wp-content\/uploads\/2019\/05\/burnout-200x250.jpg 200w, https:\/\/www.ovelhaeletrica.com\/blog\/wp-content\/uploads\/2019\/05\/burnout-599x749.jpg 599w\" sizes=\"auto, (max-width: 800px) 100vw, 800px\" \/><\/p>\n<p>HQ do <a href=\"https:\/\/twitter.com\/pictoline\" rel=\"noopener noreferrer\" target=\"_blank\">@pictonline<\/a>.<\/p>\n<p>Agora imagine um di\u00e1logo entre um editor de um site e um desenvolvedor web:<\/p>\n<p>&#8211; &#8220;Quero o site pronto pra quarta-feira.&#8221;<br \/>\n&#8211; &#8220;Mas chefe, preciso dos textos e imagens&#8221;<br \/>\n&#8211; &#8220;Te mando na sexta&#8221;.<br \/>\n&#8211; &#8230;<\/p>\n<p>Pois\u00e9, ocorreu. Comigo. E eu quase avancei no sujeito. \u00c9 por essas e outras que o Burnout ocorre. Quando voc\u00ea \u00e9 obrigado a lidar com press\u00e3o, cobran\u00e7a e gente escrota no ambiente de trabalho. Longe de ser novidade o esgotamento profissional s\u00f3 agora \u00e9, oficialmente, uma doen\u00e7a, <a href=\"https:\/\/super.abril.com.br\/saude\/oms-classifica-a-sindrome-de-burnout-como-doenca\/\" rel=\"noopener noreferrer\" target=\"_blank\">reconhecida pela OMS<\/a>. O sintomas s\u00e3o variados e o tratamento \u00e9 com terapia e\/ou antidepressivos e ansiol\u00edticos. Confere a\u00ed se voc\u00ea a tua barrinha n\u00e3o encheu pra voc\u00ea n\u00e3o liberar o haduken em gente inocente&#8230;<\/p>\n","protected":false},"excerpt":{"rendered":"<p>Burnout agora \u00e9, oficialmente, uma doen\u00e7a. <\/p>\n","protected":false},"author":9,"featured_media":18151,"comment_status":"open","ping_status":"open","sticky":false,"template":"","format":"standard","meta":{"footnotes":""},"categories":[21,1187],"tags":[61],"class_list":["post-18149","post","type-post","status-publish","format-standard","has-post-thumbnail","hentry","category-ciencia","category-psicologia","tag-saude"],"_links":{"self":[{"href":"https:\/\/www.ovelhaeletrica.com\/blog\/wp-json\/wp\/v2\/posts\/18149","targetHints":{"allow":["GET"]}}],"collection":[{"href":"https:\/\/www.ovelhaeletrica.com\/blog\/wp-json\/wp\/v2\/posts"}],"about":[{"href":"https:\/\/www.ovelhaeletrica.com\/blog\/wp-json\/wp\/v2\/types\/post"}],"author":[{"embeddable":true,"href":"https:\/\/www.ovelhaeletrica.com\/blog\/wp-json\/wp\/v2\/users\/9"}],"replies":[{"embeddable":true,"href":"https:\/\/www.ovelhaeletrica.com\/blog\/wp-json\/wp\/v2\/comments?post=18149"}],"version-history":[{"count":0,"href":"https:\/\/www.ovelhaeletrica.com\/blog\/wp-json\/wp\/v2\/posts\/18149\/revisions"}],"wp:featuredmedia":[{"embeddable":true,"href":"https:\/\/www.ovelhaeletrica.com\/blog\/wp-json\/wp\/v2\/media\/18151"}],"wp:attachment":[{"href":"https:\/\/www.ovelhaeletrica.com\/blog\/wp-json\/wp\/v2\/media?parent=18149"}],"wp:term":[{"taxonomy":"category","embeddable":true,"href":"https:\/\/www.ovelhaeletrica.com\/blog\/wp-json\/wp\/v2\/categories?post=18149"},{"taxonomy":"post_tag","embeddable":true,"href":"https:\/\/www.ovelhaeletrica.com\/blog\/wp-json\/wp\/v2\/tags?post=18149"}],"curies":[{"name":"wp","href":"https:\/\/api.w.org\/{rel}","templated":true}]}}