{"id":18098,"date":"2019-05-24T15:28:53","date_gmt":"2019-05-24T18:28:53","guid":{"rendered":"http:\/\/www.ovelhaeletrica.com\/blog\/?p=18098"},"modified":"2019-05-24T15:31:54","modified_gmt":"2019-05-24T18:31:54","slug":"caverna-do-dragao-em-carne-e-osso","status":"publish","type":"post","link":"https:\/\/www.ovelhaeletrica.com\/blog\/2019_05_24_caverna-do-dragao-em-carne-e-osso.html","title":{"rendered":"Caverna do Drag\u00e3o em carne e osso"},"content":{"rendered":"<p><iframe loading=\"lazy\" width=\"560\" height=\"315\" src=\"https:\/\/www.youtube.com\/embed\/kC9-bfsNne8\" frameborder=\"0\" allow=\"accelerometer; autoplay; encrypted-media; gyroscope; picture-in-picture\" allowfullscreen><\/iframe><\/p>\n<p>Pena que \u00e9 prum comercial de carro&#8230; Mas ficou muito boa a propaganda. <\/p>\n<p>Ser\u00e1 que rola abaixo-assinado pedindo pra ter uma temporada? Vai l\u00e1 geek m\u00e9dio: mobilize-se.<\/p>\n<p>Dica do <a href=\"https:\/\/hacktoon.com\" rel=\"noopener noreferrer\" target=\"_blank\">Hacktoon<\/a>!<\/p>\n","protected":false},"excerpt":{"rendered":"<p>E esse comercial com a galera do Caverna do Drag\u00e3o em carne e osso?<\/p>\n","protected":false},"author":9,"featured_media":18100,"comment_status":"open","ping_status":"open","sticky":false,"template":"","format":"standard","meta":{"footnotes":""},"categories":[28,16],"tags":[1225],"class_list":["post-18098","post","type-post","status-publish","format-standard","has-post-thumbnail","hentry","category-animacao","category-propaganda","tag-caverna-do-dragao"],"_links":{"self":[{"href":"https:\/\/www.ovelhaeletrica.com\/blog\/wp-json\/wp\/v2\/posts\/18098","targetHints":{"allow":["GET"]}}],"collection":[{"href":"https:\/\/www.ovelhaeletrica.com\/blog\/wp-json\/wp\/v2\/posts"}],"about":[{"href":"https:\/\/www.ovelhaeletrica.com\/blog\/wp-json\/wp\/v2\/types\/post"}],"author":[{"embeddable":true,"href":"https:\/\/www.ovelhaeletrica.com\/blog\/wp-json\/wp\/v2\/users\/9"}],"replies":[{"embeddable":true,"href":"https:\/\/www.ovelhaeletrica.com\/blog\/wp-json\/wp\/v2\/comments?post=18098"}],"version-history":[{"count":0,"href":"https:\/\/www.ovelhaeletrica.com\/blog\/wp-json\/wp\/v2\/posts\/18098\/revisions"}],"wp:featuredmedia":[{"embeddable":true,"href":"https:\/\/www.ovelhaeletrica.com\/blog\/wp-json\/wp\/v2\/media\/18100"}],"wp:attachment":[{"href":"https:\/\/www.ovelhaeletrica.com\/blog\/wp-json\/wp\/v2\/media?parent=18098"}],"wp:term":[{"taxonomy":"category","embeddable":true,"href":"https:\/\/www.ovelhaeletrica.com\/blog\/wp-json\/wp\/v2\/categories?post=18098"},{"taxonomy":"post_tag","embeddable":true,"href":"https:\/\/www.ovelhaeletrica.com\/blog\/wp-json\/wp\/v2\/tags?post=18098"}],"curies":[{"name":"wp","href":"https:\/\/api.w.org\/{rel}","templated":true}]}}