{"id":1797,"date":"2006-08-23T19:36:39","date_gmt":"2006-08-23T21:36:39","guid":{"rendered":"http:\/\/www.ovelhaeletrica.com\/blog\/2006_08_23_sarah-29-anos-e-virgem.html"},"modified":"2006-10-02T11:14:40","modified_gmt":"2006-10-02T13:14:40","slug":"sarah-29-anos-e-virgem","status":"publish","type":"post","link":"https:\/\/www.ovelhaeletrica.com\/blog\/2006_08_23_sarah-29-anos-e-virgem.html","title":{"rendered":"Sarah, 29 anos e virgem, procura namorado"},"content":{"rendered":"<p><a href=\"http:\/\/www.janemag.com\/magazine\/sarahneedsyou\" target=\"_blank\">Sarah DiMuro<\/a> tem 29 anos, \u00e9 virgem e est\u00e1 <a href=\"http:\/\/www.janemag.com\/janetv\/video\/2006\/08\/21\/MeetSarah\" target=\"_blank\">\u00e0 procura de um namorado<\/a>. Detalhe: ela quer perder a virgindade antes de completar 30 anos no dia 7 de novembro.<br \/>\n<center><img decoding=\"async\" src=\"http:\/\/img20.imageshack.us\/img20\/9198\/sarahsl8.jpg\"><\/center><\/p>\n","protected":false},"excerpt":{"rendered":"<p>Sarah DiMuro tem 29 anos, \u00e9 virgem e est\u00e1 \u00e0 procura de um namorado. Detalhe: ela quer perder a virgindade antes de completar 30 anos no dia 7 de novembro.<\/p>\n","protected":false},"author":2,"featured_media":0,"comment_status":"open","ping_status":"open","sticky":false,"template":"","format":"standard","meta":{"footnotes":""},"categories":[20,1,48],"tags":[39,3],"class_list":["post-1797","post","type-post","status-publish","format-standard","hentry","category-auto-ajuda","category-blog","category-mule","tag-sexo","tag-videos"],"_links":{"self":[{"href":"https:\/\/www.ovelhaeletrica.com\/blog\/wp-json\/wp\/v2\/posts\/1797","targetHints":{"allow":["GET"]}}],"collection":[{"href":"https:\/\/www.ovelhaeletrica.com\/blog\/wp-json\/wp\/v2\/posts"}],"about":[{"href":"https:\/\/www.ovelhaeletrica.com\/blog\/wp-json\/wp\/v2\/types\/post"}],"author":[{"embeddable":true,"href":"https:\/\/www.ovelhaeletrica.com\/blog\/wp-json\/wp\/v2\/users\/2"}],"replies":[{"embeddable":true,"href":"https:\/\/www.ovelhaeletrica.com\/blog\/wp-json\/wp\/v2\/comments?post=1797"}],"version-history":[{"count":0,"href":"https:\/\/www.ovelhaeletrica.com\/blog\/wp-json\/wp\/v2\/posts\/1797\/revisions"}],"wp:attachment":[{"href":"https:\/\/www.ovelhaeletrica.com\/blog\/wp-json\/wp\/v2\/media?parent=1797"}],"wp:term":[{"taxonomy":"category","embeddable":true,"href":"https:\/\/www.ovelhaeletrica.com\/blog\/wp-json\/wp\/v2\/categories?post=1797"},{"taxonomy":"post_tag","embeddable":true,"href":"https:\/\/www.ovelhaeletrica.com\/blog\/wp-json\/wp\/v2\/tags?post=1797"}],"curies":[{"name":"wp","href":"https:\/\/api.w.org\/{rel}","templated":true}]}}