{"id":17852,"date":"2018-10-15T16:17:08","date_gmt":"2018-10-15T19:17:08","guid":{"rendered":"http:\/\/www.ovelhaeletrica.com\/blog\/?p=17852"},"modified":"2018-10-15T16:17:08","modified_gmt":"2018-10-15T19:17:08","slug":"como-as-democracias-morrem","status":"publish","type":"post","link":"https:\/\/www.ovelhaeletrica.com\/blog\/2018_10_15_como-as-democracias-morrem.html","title":{"rendered":"Como as Democracias Morrem?"},"content":{"rendered":"<p><iframe loading=\"lazy\" width=\"560\" height=\"315\" src=\"https:\/\/www.youtube.com\/embed\/wP3LDsVhfso\" frameborder=\"0\" allow=\"autoplay; encrypted-media\" allowfullscreen><\/iframe><\/p>\n<p>Palestra com o co-autor do livro <strong>Como as Democracias Morrem<\/strong>, que esteve no Instituto FHC h\u00e1 algumas semanas. O livro \u00e9 um dos documentos mais importantes pra se entender o planeta nessa d\u00e9cada. <\/p>\n<p>Preste aten\u00e7\u00e3o sobre o que ele fala de Bolsonaro.<\/p>\n","protected":false},"excerpt":{"rendered":"<p>Palestra com o co-autor do livro Como as Democracias Morrem, que esteve no Instituto FHC h\u00e1 algumas semanas. O livro \u00e9 um dos documentos mais importantes pra se entender o planeta nessa d\u00e9cada. Preste aten\u00e7\u00e3o sobre o que ele fala de Bolsonaro.<\/p>\n","protected":false},"author":9,"featured_media":17853,"comment_status":"open","ping_status":"open","sticky":false,"template":"","format":"standard","meta":{"footnotes":""},"categories":[15],"tags":[],"class_list":["post-17852","post","type-post","status-publish","format-standard","has-post-thumbnail","hentry","category-politica"],"_links":{"self":[{"href":"https:\/\/www.ovelhaeletrica.com\/blog\/wp-json\/wp\/v2\/posts\/17852","targetHints":{"allow":["GET"]}}],"collection":[{"href":"https:\/\/www.ovelhaeletrica.com\/blog\/wp-json\/wp\/v2\/posts"}],"about":[{"href":"https:\/\/www.ovelhaeletrica.com\/blog\/wp-json\/wp\/v2\/types\/post"}],"author":[{"embeddable":true,"href":"https:\/\/www.ovelhaeletrica.com\/blog\/wp-json\/wp\/v2\/users\/9"}],"replies":[{"embeddable":true,"href":"https:\/\/www.ovelhaeletrica.com\/blog\/wp-json\/wp\/v2\/comments?post=17852"}],"version-history":[{"count":0,"href":"https:\/\/www.ovelhaeletrica.com\/blog\/wp-json\/wp\/v2\/posts\/17852\/revisions"}],"wp:featuredmedia":[{"embeddable":true,"href":"https:\/\/www.ovelhaeletrica.com\/blog\/wp-json\/wp\/v2\/media\/17853"}],"wp:attachment":[{"href":"https:\/\/www.ovelhaeletrica.com\/blog\/wp-json\/wp\/v2\/media?parent=17852"}],"wp:term":[{"taxonomy":"category","embeddable":true,"href":"https:\/\/www.ovelhaeletrica.com\/blog\/wp-json\/wp\/v2\/categories?post=17852"},{"taxonomy":"post_tag","embeddable":true,"href":"https:\/\/www.ovelhaeletrica.com\/blog\/wp-json\/wp\/v2\/tags?post=17852"}],"curies":[{"name":"wp","href":"https:\/\/api.w.org\/{rel}","templated":true}]}}