{"id":17311,"date":"2016-05-09T11:49:43","date_gmt":"2016-05-09T14:49:43","guid":{"rendered":"http:\/\/www.ovelhaeletrica.com\/blog\/?p=17311"},"modified":"2016-05-09T11:49:43","modified_gmt":"2016-05-09T14:49:43","slug":"angeli-deixa-a-folha","status":"publish","type":"post","link":"https:\/\/www.ovelhaeletrica.com\/blog\/2016_05_09_angeli-deixa-a-folha.html","title":{"rendered":"Angeli deixa a Folha"},"content":{"rendered":"<p><iframe loading=\"lazy\" width=\"560\" height=\"315\" src=\"https:\/\/www.youtube.com\/embed\/IbSL_7Gms2Y\" frameborder=\"0\" allowfullscreen><\/iframe><\/p>\n<p>Depois de 33 anos, Angeli deixa de produzir quadrinhos di\u00e1rios, mas mant\u00e9m as charges \u00e0s quartas e sextas. <\/p>\n<p>Para homenagear o cartunista, a Folha fez um especial, <a href=\"http:\/\/arte.folha.uol.com.br\/especiais\/2015\/09\/20\/angeli-40\/\" target=\"_blank\">aqui<\/a>.<\/p>\n<p>E abaixo a \u00faltima tirinha:<\/p>\n<p><img loading=\"lazy\" decoding=\"async\" src=\"http:\/\/www.ovelhaeletrica.com\/blog\/wp-content\/uploads\/2016\/05\/angeli.jpg\" alt=\"angeli\" width=\"620\" height=\"165\" class=\"aligncenter size-full wp-image-17312\" srcset=\"https:\/\/www.ovelhaeletrica.com\/blog\/wp-content\/uploads\/2016\/05\/angeli.jpg 620w, https:\/\/www.ovelhaeletrica.com\/blog\/wp-content\/uploads\/2016\/05\/angeli-160x43.jpg 160w, https:\/\/www.ovelhaeletrica.com\/blog\/wp-content\/uploads\/2016\/05\/angeli-300x80.jpg 300w, https:\/\/www.ovelhaeletrica.com\/blog\/wp-content\/uploads\/2016\/05\/angeli-200x53.jpg 200w, https:\/\/www.ovelhaeletrica.com\/blog\/wp-content\/uploads\/2016\/05\/angeli-599x159.jpg 599w\" sizes=\"auto, (max-width: 620px) 100vw, 620px\" \/><\/p>\n","protected":false},"excerpt":{"rendered":"<p>Depois de 33 anos, Angeli deixa de produzir quadrinhos di\u00e1rios, mas mant\u00e9m as charges \u00e0s quartas e sextas. Para homenagear o cartunista, a Folha fez um especial, aqui. E abaixo a \u00faltima tirinha:<\/p>\n","protected":false},"author":9,"featured_media":17313,"comment_status":"open","ping_status":"open","sticky":false,"template":"","format":"standard","meta":{"footnotes":""},"categories":[30],"tags":[1060,831],"class_list":["post-17311","post","type-post","status-publish","format-standard","has-post-thumbnail","hentry","category-hqs","tag-angeli","tag-folha-de-s-paulo"],"_links":{"self":[{"href":"https:\/\/www.ovelhaeletrica.com\/blog\/wp-json\/wp\/v2\/posts\/17311","targetHints":{"allow":["GET"]}}],"collection":[{"href":"https:\/\/www.ovelhaeletrica.com\/blog\/wp-json\/wp\/v2\/posts"}],"about":[{"href":"https:\/\/www.ovelhaeletrica.com\/blog\/wp-json\/wp\/v2\/types\/post"}],"author":[{"embeddable":true,"href":"https:\/\/www.ovelhaeletrica.com\/blog\/wp-json\/wp\/v2\/users\/9"}],"replies":[{"embeddable":true,"href":"https:\/\/www.ovelhaeletrica.com\/blog\/wp-json\/wp\/v2\/comments?post=17311"}],"version-history":[{"count":0,"href":"https:\/\/www.ovelhaeletrica.com\/blog\/wp-json\/wp\/v2\/posts\/17311\/revisions"}],"wp:featuredmedia":[{"embeddable":true,"href":"https:\/\/www.ovelhaeletrica.com\/blog\/wp-json\/wp\/v2\/media\/17313"}],"wp:attachment":[{"href":"https:\/\/www.ovelhaeletrica.com\/blog\/wp-json\/wp\/v2\/media?parent=17311"}],"wp:term":[{"taxonomy":"category","embeddable":true,"href":"https:\/\/www.ovelhaeletrica.com\/blog\/wp-json\/wp\/v2\/categories?post=17311"},{"taxonomy":"post_tag","embeddable":true,"href":"https:\/\/www.ovelhaeletrica.com\/blog\/wp-json\/wp\/v2\/tags?post=17311"}],"curies":[{"name":"wp","href":"https:\/\/api.w.org\/{rel}","templated":true}]}}