{"id":1707,"date":"2006-08-09T09:32:57","date_gmt":"2006-08-09T11:32:57","guid":{"rendered":"http:\/\/www.ovelhaeletrica.com\/blog\/2006\/08\/09\/cadeiras-organicas.html"},"modified":"2006-08-09T09:32:57","modified_gmt":"2006-08-09T11:32:57","slug":"cadeiras-organicas","status":"publish","type":"post","link":"https:\/\/www.ovelhaeletrica.com\/blog\/2006_08_09_cadeiras-organicas.html","title":{"rendered":"Cadeiras org\u00e2nicas"},"content":{"rendered":"<p>Se n\u00e3o estiverem <a href=\"http:\/\/www.ovelhaeletrica.com\/blog\/2006\/08\/08\/o-movel-dos-seus-sonhos-pode-estar-aqui.html\">l\u00e1<\/a>, os m\u00f3veis dos seus sonhos podem estar <a href=\"http:\/\/www.sculpturedfurnitureartandceramics.com\/david1.htm\" target=_blank>aqui<\/a>.<\/p>\n","protected":false},"excerpt":{"rendered":"<p>Se n\u00e3o estiverem l\u00e1, os m\u00f3veis dos seus sonhos podem estar aqui.<\/p>\n","protected":false},"author":7,"featured_media":0,"comment_status":"open","ping_status":"open","sticky":false,"template":"","format":"standard","meta":{"footnotes":""},"categories":[6,1],"tags":[57,55],"class_list":["post-1707","post","type-post","status-publish","format-standard","hentry","category-artes","category-blog","tag-arquitetura","tag-decoracao"],"_links":{"self":[{"href":"https:\/\/www.ovelhaeletrica.com\/blog\/wp-json\/wp\/v2\/posts\/1707","targetHints":{"allow":["GET"]}}],"collection":[{"href":"https:\/\/www.ovelhaeletrica.com\/blog\/wp-json\/wp\/v2\/posts"}],"about":[{"href":"https:\/\/www.ovelhaeletrica.com\/blog\/wp-json\/wp\/v2\/types\/post"}],"author":[{"embeddable":true,"href":"https:\/\/www.ovelhaeletrica.com\/blog\/wp-json\/wp\/v2\/users\/7"}],"replies":[{"embeddable":true,"href":"https:\/\/www.ovelhaeletrica.com\/blog\/wp-json\/wp\/v2\/comments?post=1707"}],"version-history":[{"count":0,"href":"https:\/\/www.ovelhaeletrica.com\/blog\/wp-json\/wp\/v2\/posts\/1707\/revisions"}],"wp:attachment":[{"href":"https:\/\/www.ovelhaeletrica.com\/blog\/wp-json\/wp\/v2\/media?parent=1707"}],"wp:term":[{"taxonomy":"category","embeddable":true,"href":"https:\/\/www.ovelhaeletrica.com\/blog\/wp-json\/wp\/v2\/categories?post=1707"},{"taxonomy":"post_tag","embeddable":true,"href":"https:\/\/www.ovelhaeletrica.com\/blog\/wp-json\/wp\/v2\/tags?post=1707"}],"curies":[{"name":"wp","href":"https:\/\/api.w.org\/{rel}","templated":true}]}}