{"id":1687,"date":"2006-08-08T09:32:27","date_gmt":"2006-08-08T11:32:27","guid":{"rendered":"http:\/\/www.ovelhaeletrica.com\/blog\/2006_08_08_exposicao-de-graffiti.html"},"modified":"2006-08-08T09:32:27","modified_gmt":"2006-08-08T11:32:27","slug":"exposicao-de-graffiti","status":"publish","type":"post","link":"https:\/\/www.ovelhaeletrica.com\/blog\/2006_08_08_exposicao-de-graffiti.html","title":{"rendered":"Exposi\u00e7\u00e3o de graffiti"},"content":{"rendered":"<p>Se voc\u00ea est\u00e1 sem tempo ou mora longe da <strong>Galeria Fortes Vila\u00e7a<\/strong>, voc\u00ea pode ver a exposi\u00e7\u00e3o inteira dos grafiteiros mais famosos do Brasil <a href=\"http:\/\/www.beautifulcrime.com\/public\/exhibitions\/view.asp?ID=73\" target=\"_blank\">aqui nesse site<\/a>. Clique ali em <strong>view exhibition<\/strong>. Mas se voc\u00ea prefere ver arte de rua, na rua, v\u00e1 at\u00e9 o bairro do Cambuci, aqui em S\u00e3o Paulo. <\/p>\n","protected":false},"excerpt":{"rendered":"<p>Se voc\u00ea est\u00e1 sem tempo ou mora longe da Galeria Fortes Vila\u00e7a, voc\u00ea pode ver a exposi\u00e7\u00e3o inteira dos grafiteiros mais famosos do Brasil aqui nesse site. Clique ali em view exhibition. Mas se voc\u00ea prefere ver arte de rua, na rua, v\u00e1 at\u00e9 o bairro do Cambuci, aqui em S\u00e3o Paulo.<\/p>\n","protected":false},"author":9,"featured_media":0,"comment_status":"open","ping_status":"open","sticky":false,"template":"","format":"standard","meta":{"footnotes":""},"categories":[6,1,22],"tags":[],"class_list":["post-1687","post","type-post","status-publish","format-standard","hentry","category-artes","category-blog","category-graffiti"],"_links":{"self":[{"href":"https:\/\/www.ovelhaeletrica.com\/blog\/wp-json\/wp\/v2\/posts\/1687","targetHints":{"allow":["GET"]}}],"collection":[{"href":"https:\/\/www.ovelhaeletrica.com\/blog\/wp-json\/wp\/v2\/posts"}],"about":[{"href":"https:\/\/www.ovelhaeletrica.com\/blog\/wp-json\/wp\/v2\/types\/post"}],"author":[{"embeddable":true,"href":"https:\/\/www.ovelhaeletrica.com\/blog\/wp-json\/wp\/v2\/users\/9"}],"replies":[{"embeddable":true,"href":"https:\/\/www.ovelhaeletrica.com\/blog\/wp-json\/wp\/v2\/comments?post=1687"}],"version-history":[{"count":0,"href":"https:\/\/www.ovelhaeletrica.com\/blog\/wp-json\/wp\/v2\/posts\/1687\/revisions"}],"wp:attachment":[{"href":"https:\/\/www.ovelhaeletrica.com\/blog\/wp-json\/wp\/v2\/media?parent=1687"}],"wp:term":[{"taxonomy":"category","embeddable":true,"href":"https:\/\/www.ovelhaeletrica.com\/blog\/wp-json\/wp\/v2\/categories?post=1687"},{"taxonomy":"post_tag","embeddable":true,"href":"https:\/\/www.ovelhaeletrica.com\/blog\/wp-json\/wp\/v2\/tags?post=1687"}],"curies":[{"name":"wp","href":"https:\/\/api.w.org\/{rel}","templated":true}]}}