{"id":16829,"date":"2015-11-04T06:58:12","date_gmt":"2015-11-04T09:58:12","guid":{"rendered":"http:\/\/www.ovelhaeletrica.com\/blog\/?p=16829"},"modified":"2015-11-05T07:43:08","modified_gmt":"2015-11-05T10:43:08","slug":"o-som-macabro-de-alvin-e-os-esquilos","status":"publish","type":"post","link":"https:\/\/www.ovelhaeletrica.com\/blog\/2015_11_04_o-som-macabro-de-alvin-e-os-esquilos.html","title":{"rendered":"O som macabro de Alvin e os Esquilos"},"content":{"rendered":"<p><iframe loading=\"lazy\" width=\"560\" height=\"315\" src=\"https:\/\/www.youtube.com\/embed\/6CPI4OjaMbo\" frameborder=\"0\" allowfullscreen><\/iframe><\/p>\n<p>Sempre que eu trombo com esse desenho demoro alguns segundos para come\u00e7ar a entender o que eles est\u00e3o falando. Essa voz distorcida sempre me provoca a curiosidade em saber quem \u00e9 o real dono da voz dos esquilos. Um maluco foi al\u00e9m dessa curiosidade. Ele pegou as m\u00fasicas originais do desenho e diminuiu a velocidade. O resultado ficou foda, ouve a\u00ed:<\/p>\n<p><iframe loading=\"lazy\" width=\"100%\" height=\"450\" scrolling=\"no\" frameborder=\"no\" src=\"https:\/\/w.soundcloud.com\/player\/?url=https%3A\/\/api.soundcloud.com\/playlists\/159964788&amp;auto_play=false&amp;hide_related=false&amp;show_comments=true&amp;show_user=true&amp;show_reposts=false&amp;visual=true\"><\/iframe><\/p>\n<p><a href=\"https:\/\/soundcloud.com\/alvin-thechipmunkson16sp\" target=\"_blank\">Aqui<\/a> o link.<\/p>\n","protected":false},"excerpt":{"rendered":"<p>Sempre que eu trombo com esse desenho demoro alguns segundos para come\u00e7ar a entender o que eles est\u00e3o falando. Essa voz distorcida sempre me provoca a curiosidade em saber quem \u00e9 o real dono da voz dos esquilos. Um maluco foi al\u00e9m dessa curiosidade. Ele pegou as m\u00fasicas originais do desenho e diminuiu a velocidade. [&hellip;]<\/p>\n","protected":false},"author":9,"featured_media":16830,"comment_status":"open","ping_status":"open","sticky":false,"template":"","format":"standard","meta":{"footnotes":""},"categories":[28,4],"tags":[900,901],"class_list":["post-16829","post","type-post","status-publish","format-standard","has-post-thumbnail","hentry","category-animacao","category-musica","tag-alvin-e-os-esquilos","tag-the-chipmunks"],"_links":{"self":[{"href":"https:\/\/www.ovelhaeletrica.com\/blog\/wp-json\/wp\/v2\/posts\/16829","targetHints":{"allow":["GET"]}}],"collection":[{"href":"https:\/\/www.ovelhaeletrica.com\/blog\/wp-json\/wp\/v2\/posts"}],"about":[{"href":"https:\/\/www.ovelhaeletrica.com\/blog\/wp-json\/wp\/v2\/types\/post"}],"author":[{"embeddable":true,"href":"https:\/\/www.ovelhaeletrica.com\/blog\/wp-json\/wp\/v2\/users\/9"}],"replies":[{"embeddable":true,"href":"https:\/\/www.ovelhaeletrica.com\/blog\/wp-json\/wp\/v2\/comments?post=16829"}],"version-history":[{"count":0,"href":"https:\/\/www.ovelhaeletrica.com\/blog\/wp-json\/wp\/v2\/posts\/16829\/revisions"}],"wp:featuredmedia":[{"embeddable":true,"href":"https:\/\/www.ovelhaeletrica.com\/blog\/wp-json\/wp\/v2\/media\/16830"}],"wp:attachment":[{"href":"https:\/\/www.ovelhaeletrica.com\/blog\/wp-json\/wp\/v2\/media?parent=16829"}],"wp:term":[{"taxonomy":"category","embeddable":true,"href":"https:\/\/www.ovelhaeletrica.com\/blog\/wp-json\/wp\/v2\/categories?post=16829"},{"taxonomy":"post_tag","embeddable":true,"href":"https:\/\/www.ovelhaeletrica.com\/blog\/wp-json\/wp\/v2\/tags?post=16829"}],"curies":[{"name":"wp","href":"https:\/\/api.w.org\/{rel}","templated":true}]}}