{"id":16644,"date":"2015-10-19T07:49:25","date_gmt":"2015-10-19T10:49:25","guid":{"rendered":"http:\/\/www.ovelhaeletrica.com\/blog\/?p=16644"},"modified":"2015-10-19T08:59:23","modified_gmt":"2015-10-19T11:59:23","slug":"a-foto-do-ano","status":"publish","type":"post","link":"https:\/\/www.ovelhaeletrica.com\/blog\/2015_10_19_a-foto-do-ano.html","title":{"rendered":"A foto do ano"},"content":{"rendered":"<p><img loading=\"lazy\" decoding=\"async\" src=\"http:\/\/www.ovelhaeletrica.com\/blog\/wp-content\/uploads\/2015\/10\/astronomy-660x440.jpg\" alt=\"astronomy\" width=\"660\" height=\"440\" class=\"aligncenter size-blogsize wp-image-16645\" srcset=\"https:\/\/www.ovelhaeletrica.com\/blog\/wp-content\/uploads\/2015\/10\/astronomy-660x440.jpg 660w, https:\/\/www.ovelhaeletrica.com\/blog\/wp-content\/uploads\/2015\/10\/astronomy-160x107.jpg 160w, https:\/\/www.ovelhaeletrica.com\/blog\/wp-content\/uploads\/2015\/10\/astronomy-300x200.jpg 300w, https:\/\/www.ovelhaeletrica.com\/blog\/wp-content\/uploads\/2015\/10\/astronomy-1024x683.jpg 1024w, https:\/\/www.ovelhaeletrica.com\/blog\/wp-content\/uploads\/2015\/10\/astronomy-200x133.jpg 200w, https:\/\/www.ovelhaeletrica.com\/blog\/wp-content\/uploads\/2015\/10\/astronomy-599x399.jpg 599w, https:\/\/www.ovelhaeletrica.com\/blog\/wp-content\/uploads\/2015\/10\/astronomy.jpg 1300w\" sizes=\"auto, (max-width: 660px) 100vw, 660px\" \/><\/p>\n<p>Luc Jamet (Fran\u00e7a) capturou o eclipse solar total no dia 20 de mar\u00e7o de 2015. Ele estava em Svalbard, na Noruega. A foto lhe rendeu o pr\u00eamio de foto do ano do concurso <a href=\"http:\/\/www.rmg.co.uk\/whats-on\/exhibitions\/astronomy-photographer-of-the-year\" target=\"_blank\">anual de fotografia astron\u00f4mica do Royal Observatory Greenwich<\/a>.<\/p>\n","protected":false},"excerpt":{"rendered":"<p>Luc Jamet (Fran\u00e7a) capturou o eclipse solar total no dia 20 de mar\u00e7o de 2015. Ele estava em Svalbard, na Noruega. A foto lhe rendeu o pr\u00eamio de foto do ano do concurso anual de fotografia astron\u00f4mica do Royal Observatory Greenwich.<\/p>\n","protected":false},"author":9,"featured_media":16645,"comment_status":"open","ping_status":"open","sticky":false,"template":"","format":"standard","meta":{"footnotes":""},"categories":[21,29],"tags":[816,856,817],"class_list":["post-16644","post","type-post","status-publish","format-standard","has-post-thumbnail","hentry","category-ciencia","category-fotografia","tag-astronomia","tag-eclipse","tag-royal-observatory-greenwich"],"_links":{"self":[{"href":"https:\/\/www.ovelhaeletrica.com\/blog\/wp-json\/wp\/v2\/posts\/16644","targetHints":{"allow":["GET"]}}],"collection":[{"href":"https:\/\/www.ovelhaeletrica.com\/blog\/wp-json\/wp\/v2\/posts"}],"about":[{"href":"https:\/\/www.ovelhaeletrica.com\/blog\/wp-json\/wp\/v2\/types\/post"}],"author":[{"embeddable":true,"href":"https:\/\/www.ovelhaeletrica.com\/blog\/wp-json\/wp\/v2\/users\/9"}],"replies":[{"embeddable":true,"href":"https:\/\/www.ovelhaeletrica.com\/blog\/wp-json\/wp\/v2\/comments?post=16644"}],"version-history":[{"count":0,"href":"https:\/\/www.ovelhaeletrica.com\/blog\/wp-json\/wp\/v2\/posts\/16644\/revisions"}],"wp:featuredmedia":[{"embeddable":true,"href":"https:\/\/www.ovelhaeletrica.com\/blog\/wp-json\/wp\/v2\/media\/16645"}],"wp:attachment":[{"href":"https:\/\/www.ovelhaeletrica.com\/blog\/wp-json\/wp\/v2\/media?parent=16644"}],"wp:term":[{"taxonomy":"category","embeddable":true,"href":"https:\/\/www.ovelhaeletrica.com\/blog\/wp-json\/wp\/v2\/categories?post=16644"},{"taxonomy":"post_tag","embeddable":true,"href":"https:\/\/www.ovelhaeletrica.com\/blog\/wp-json\/wp\/v2\/tags?post=16644"}],"curies":[{"name":"wp","href":"https:\/\/api.w.org\/{rel}","templated":true}]}}