{"id":16097,"date":"2015-10-05T15:34:04","date_gmt":"2015-10-05T18:34:04","guid":{"rendered":"http:\/\/www.ovelhaeletrica.com\/blog\/?p=16097"},"modified":"2015-10-05T15:34:04","modified_gmt":"2015-10-05T18:34:04","slug":"o-sistema-solar-em-escala-real","status":"publish","type":"post","link":"https:\/\/www.ovelhaeletrica.com\/blog\/2015_10_05_o-sistema-solar-em-escala-real.html","title":{"rendered":"O Sistema Solar em escala real"},"content":{"rendered":"<p><iframe loading=\"lazy\" src=\"https:\/\/player.vimeo.com\/video\/139407849\" width=\"500\" height=\"250\" frameborder=\"0\" webkitallowfullscreen mozallowfullscreen allowfullscreen><\/iframe><\/p>\n<p>Pela primeira vez algu\u00e9m montou o sistema solar em uma escala real. A Terra \u00e9 representada por uma bolinha de gude e todo o resto segue a partir dessa escala. Eles tamb\u00e9m animaram as \u00f3rbitas de cada planeta (movimento e velocidade). Em uma das manh\u00e3s, filmaram o sol a nascer e compararam com o tamanho do sol deles na perspectiva da Terra (bola de gude): ambos do mesmo tamanho e aparentemente isso comprova que a escala est\u00e1 correta.<\/p>\n","protected":false},"excerpt":{"rendered":"<p>Pela primeira vez algu\u00e9m montou o sistema solar em uma escala real. A Terra \u00e9 representada por uma bolinha de gude e todo o resto segue a partir dessa escala. Eles tamb\u00e9m animaram as \u00f3rbitas de cada planeta (movimento e velocidade). Em uma das manh\u00e3s, filmaram o sol a nascer e compararam com o tamanho [&hellip;]<\/p>\n","protected":false},"author":2,"featured_media":16098,"comment_status":"open","ping_status":"open","sticky":false,"template":"","format":"standard","meta":{"footnotes":""},"categories":[1],"tags":[],"class_list":["post-16097","post","type-post","status-publish","format-standard","has-post-thumbnail","hentry","category-blog"],"_links":{"self":[{"href":"https:\/\/www.ovelhaeletrica.com\/blog\/wp-json\/wp\/v2\/posts\/16097","targetHints":{"allow":["GET"]}}],"collection":[{"href":"https:\/\/www.ovelhaeletrica.com\/blog\/wp-json\/wp\/v2\/posts"}],"about":[{"href":"https:\/\/www.ovelhaeletrica.com\/blog\/wp-json\/wp\/v2\/types\/post"}],"author":[{"embeddable":true,"href":"https:\/\/www.ovelhaeletrica.com\/blog\/wp-json\/wp\/v2\/users\/2"}],"replies":[{"embeddable":true,"href":"https:\/\/www.ovelhaeletrica.com\/blog\/wp-json\/wp\/v2\/comments?post=16097"}],"version-history":[{"count":0,"href":"https:\/\/www.ovelhaeletrica.com\/blog\/wp-json\/wp\/v2\/posts\/16097\/revisions"}],"wp:featuredmedia":[{"embeddable":true,"href":"https:\/\/www.ovelhaeletrica.com\/blog\/wp-json\/wp\/v2\/media\/16098"}],"wp:attachment":[{"href":"https:\/\/www.ovelhaeletrica.com\/blog\/wp-json\/wp\/v2\/media?parent=16097"}],"wp:term":[{"taxonomy":"category","embeddable":true,"href":"https:\/\/www.ovelhaeletrica.com\/blog\/wp-json\/wp\/v2\/categories?post=16097"},{"taxonomy":"post_tag","embeddable":true,"href":"https:\/\/www.ovelhaeletrica.com\/blog\/wp-json\/wp\/v2\/tags?post=16097"}],"curies":[{"name":"wp","href":"https:\/\/api.w.org\/{rel}","templated":true}]}}