{"id":1603,"date":"2006-07-25T11:11:19","date_gmt":"2006-07-25T13:11:19","guid":{"rendered":"http:\/\/www.ovelhaeletrica.com\/blog\/blog\/2006_07_25_anime-se.html"},"modified":"2006-07-25T11:56:53","modified_gmt":"2006-07-25T13:56:53","slug":"anime-se","status":"publish","type":"post","link":"https:\/\/www.ovelhaeletrica.com\/blog\/2006_07_25_anime-se.html","title":{"rendered":"Anime-se!"},"content":{"rendered":"<p>S\u00f3 para lembrar que come\u00e7a amanh\u00e3 a 14\u00aa edi\u00e7\u00e3o do <strong>Anima Mundi<\/strong> em S\u00e3o Paulo. Confira a programa\u00e7\u00e3o <a href=\"http:\/\/www.animamundi.com.br\/\" target=_blank>aqui<\/a> e a vinheta do festival <a href=\"http:\/\/www.animamundi.com.br\/fest_mat.asp?cod=90\" target=_blank>aqui<\/a>.<\/p>\n","protected":false},"excerpt":{"rendered":"<p>S\u00f3 para lembrar que come\u00e7a amanh\u00e3 a 14\u00aa edi\u00e7\u00e3o do Anima Mundi em S\u00e3o Paulo. Confira a programa\u00e7\u00e3o aqui e a vinheta do festival aqui.<\/p>\n","protected":false},"author":7,"featured_media":0,"comment_status":"open","ping_status":"open","sticky":false,"template":"","format":"standard","meta":{"footnotes":""},"categories":[28,1,66],"tags":[40,45],"class_list":["post-1603","post","type-post","status-publish","format-standard","hentry","category-animacao","category-blog","category-curtas","tag-cultura","tag-festivais"],"_links":{"self":[{"href":"https:\/\/www.ovelhaeletrica.com\/blog\/wp-json\/wp\/v2\/posts\/1603","targetHints":{"allow":["GET"]}}],"collection":[{"href":"https:\/\/www.ovelhaeletrica.com\/blog\/wp-json\/wp\/v2\/posts"}],"about":[{"href":"https:\/\/www.ovelhaeletrica.com\/blog\/wp-json\/wp\/v2\/types\/post"}],"author":[{"embeddable":true,"href":"https:\/\/www.ovelhaeletrica.com\/blog\/wp-json\/wp\/v2\/users\/7"}],"replies":[{"embeddable":true,"href":"https:\/\/www.ovelhaeletrica.com\/blog\/wp-json\/wp\/v2\/comments?post=1603"}],"version-history":[{"count":0,"href":"https:\/\/www.ovelhaeletrica.com\/blog\/wp-json\/wp\/v2\/posts\/1603\/revisions"}],"wp:attachment":[{"href":"https:\/\/www.ovelhaeletrica.com\/blog\/wp-json\/wp\/v2\/media?parent=1603"}],"wp:term":[{"taxonomy":"category","embeddable":true,"href":"https:\/\/www.ovelhaeletrica.com\/blog\/wp-json\/wp\/v2\/categories?post=1603"},{"taxonomy":"post_tag","embeddable":true,"href":"https:\/\/www.ovelhaeletrica.com\/blog\/wp-json\/wp\/v2\/tags?post=1603"}],"curies":[{"name":"wp","href":"https:\/\/api.w.org\/{rel}","templated":true}]}}