{"id":15905,"date":"2015-09-26T01:24:00","date_gmt":"2015-09-26T04:24:00","guid":{"rendered":"http:\/\/www.ovelhaeletrica.com\/blog\/?p=15905"},"modified":"2015-09-26T01:24:00","modified_gmt":"2015-09-26T04:24:00","slug":"o-schumacher-das-ambulancias","status":"publish","type":"post","link":"https:\/\/www.ovelhaeletrica.com\/blog\/2015_09_26_o-schumacher-das-ambulancias.html","title":{"rendered":"O Schumacher das ambul\u00e2ncias"},"content":{"rendered":"<p><iframe loading=\"lazy\" width=\"420\" height=\"315\" src=\"https:\/\/www.youtube.com\/embed\/VuNOhfw3k60\" frameborder=\"0\" allowfullscreen><\/iframe><\/p>\n<p>O motorista \u00e9 tipo um Schumacher das ambul\u00e2ncias, na Hungria. O que mais impressiona \u00e9 a galera dos carros saindo da frente. Que sirva de exemplo. <\/p>\n","protected":false},"excerpt":{"rendered":"<p>O motorista \u00e9 tipo um Schumacher das ambul\u00e2ncias, na Hungria. O que mais impressiona \u00e9 a galera dos carros saindo da frente. Que sirva de exemplo.<\/p>\n","protected":false},"author":9,"featured_media":0,"comment_status":"open","ping_status":"open","sticky":false,"template":"","format":"standard","meta":{"footnotes":""},"categories":[1],"tags":[718,717],"class_list":["post-15905","post","type-post","status-publish","format-standard","hentry","category-blog","tag-ambulancia","tag-schumacher"],"_links":{"self":[{"href":"https:\/\/www.ovelhaeletrica.com\/blog\/wp-json\/wp\/v2\/posts\/15905","targetHints":{"allow":["GET"]}}],"collection":[{"href":"https:\/\/www.ovelhaeletrica.com\/blog\/wp-json\/wp\/v2\/posts"}],"about":[{"href":"https:\/\/www.ovelhaeletrica.com\/blog\/wp-json\/wp\/v2\/types\/post"}],"author":[{"embeddable":true,"href":"https:\/\/www.ovelhaeletrica.com\/blog\/wp-json\/wp\/v2\/users\/9"}],"replies":[{"embeddable":true,"href":"https:\/\/www.ovelhaeletrica.com\/blog\/wp-json\/wp\/v2\/comments?post=15905"}],"version-history":[{"count":0,"href":"https:\/\/www.ovelhaeletrica.com\/blog\/wp-json\/wp\/v2\/posts\/15905\/revisions"}],"wp:attachment":[{"href":"https:\/\/www.ovelhaeletrica.com\/blog\/wp-json\/wp\/v2\/media?parent=15905"}],"wp:term":[{"taxonomy":"category","embeddable":true,"href":"https:\/\/www.ovelhaeletrica.com\/blog\/wp-json\/wp\/v2\/categories?post=15905"},{"taxonomy":"post_tag","embeddable":true,"href":"https:\/\/www.ovelhaeletrica.com\/blog\/wp-json\/wp\/v2\/tags?post=15905"}],"curies":[{"name":"wp","href":"https:\/\/api.w.org\/{rel}","templated":true}]}}