{"id":14797,"date":"2014-07-22T19:25:01","date_gmt":"2014-07-22T22:25:01","guid":{"rendered":"http:\/\/www.ovelhaeletrica.com\/blog\/?p=14797"},"modified":"2014-07-22T19:25:01","modified_gmt":"2014-07-22T22:25:01","slug":"chileno-louco-que-toca-no-metro","status":"publish","type":"post","link":"https:\/\/www.ovelhaeletrica.com\/blog\/2014_07_22_chileno-louco-que-toca-no-metro.html","title":{"rendered":"Chileno louco que toca no metr\u00f4"},"content":{"rendered":"<p>Assim d\u00e1 gosto viajar de Metr\u00f4 &#8211; est\u00e1 vazio! Pedro de Lara n\u00e3o curtiu o show.<br \/>\n<iframe loading=\"lazy\" width=\"640\" height=\"360\" src=\"\/\/www.youtube.com\/embed\/MsWcliCeeRE\" frameborder=\"0\" allowfullscreen><\/iframe><\/p>\n","protected":false},"excerpt":{"rendered":"<p>Assim d\u00e1 gosto viajar de Metr\u00f4 &#8211; est\u00e1 vazio! Pedro de Lara n\u00e3o curtiu o show.<\/p>\n","protected":false},"author":2,"featured_media":0,"comment_status":"open","ping_status":"open","sticky":false,"template":"","format":"standard","meta":{"footnotes":""},"categories":[1],"tags":[],"class_list":["post-14797","post","type-post","status-publish","format-standard","hentry","category-blog"],"_links":{"self":[{"href":"https:\/\/www.ovelhaeletrica.com\/blog\/wp-json\/wp\/v2\/posts\/14797","targetHints":{"allow":["GET"]}}],"collection":[{"href":"https:\/\/www.ovelhaeletrica.com\/blog\/wp-json\/wp\/v2\/posts"}],"about":[{"href":"https:\/\/www.ovelhaeletrica.com\/blog\/wp-json\/wp\/v2\/types\/post"}],"author":[{"embeddable":true,"href":"https:\/\/www.ovelhaeletrica.com\/blog\/wp-json\/wp\/v2\/users\/2"}],"replies":[{"embeddable":true,"href":"https:\/\/www.ovelhaeletrica.com\/blog\/wp-json\/wp\/v2\/comments?post=14797"}],"version-history":[{"count":0,"href":"https:\/\/www.ovelhaeletrica.com\/blog\/wp-json\/wp\/v2\/posts\/14797\/revisions"}],"wp:attachment":[{"href":"https:\/\/www.ovelhaeletrica.com\/blog\/wp-json\/wp\/v2\/media?parent=14797"}],"wp:term":[{"taxonomy":"category","embeddable":true,"href":"https:\/\/www.ovelhaeletrica.com\/blog\/wp-json\/wp\/v2\/categories?post=14797"},{"taxonomy":"post_tag","embeddable":true,"href":"https:\/\/www.ovelhaeletrica.com\/blog\/wp-json\/wp\/v2\/tags?post=14797"}],"curies":[{"name":"wp","href":"https:\/\/api.w.org\/{rel}","templated":true}]}}