{"id":14742,"date":"2014-06-30T15:01:23","date_gmt":"2014-06-30T18:01:23","guid":{"rendered":"http:\/\/www.ovelhaeletrica.com\/blog\/?p=14742"},"modified":"2014-06-30T15:01:23","modified_gmt":"2014-06-30T18:01:23","slug":"portugal-tem-o-melhor-comentarista-da-copa","status":"publish","type":"post","link":"https:\/\/www.ovelhaeletrica.com\/blog\/2014_06_30_portugal-tem-o-melhor-comentarista-da-copa.html","title":{"rendered":"Portugal tem o melhor comentarista da Copa"},"content":{"rendered":"<p>A Copa em Portugal \u00e9 melhor somente por causa dos coment\u00e1rios de Freitas Lobo. Imperd\u00edvel!<br \/>\n<iframe loading=\"lazy\" width=\"640\" height=\"360\" src=\"\/\/www.youtube.com\/embed\/8E-aenW-pOM\" frameborder=\"0\" allowfullscreen><\/iframe><\/p>\n","protected":false},"excerpt":{"rendered":"<p>A Copa em Portugal \u00e9 melhor somente por causa dos coment\u00e1rios de Freitas Lobo. Imperd\u00edvel!<\/p>\n","protected":false},"author":2,"featured_media":0,"comment_status":"open","ping_status":"open","sticky":false,"template":"","format":"standard","meta":{"footnotes":""},"categories":[1],"tags":[],"class_list":["post-14742","post","type-post","status-publish","format-standard","hentry","category-blog"],"_links":{"self":[{"href":"https:\/\/www.ovelhaeletrica.com\/blog\/wp-json\/wp\/v2\/posts\/14742","targetHints":{"allow":["GET"]}}],"collection":[{"href":"https:\/\/www.ovelhaeletrica.com\/blog\/wp-json\/wp\/v2\/posts"}],"about":[{"href":"https:\/\/www.ovelhaeletrica.com\/blog\/wp-json\/wp\/v2\/types\/post"}],"author":[{"embeddable":true,"href":"https:\/\/www.ovelhaeletrica.com\/blog\/wp-json\/wp\/v2\/users\/2"}],"replies":[{"embeddable":true,"href":"https:\/\/www.ovelhaeletrica.com\/blog\/wp-json\/wp\/v2\/comments?post=14742"}],"version-history":[{"count":0,"href":"https:\/\/www.ovelhaeletrica.com\/blog\/wp-json\/wp\/v2\/posts\/14742\/revisions"}],"wp:attachment":[{"href":"https:\/\/www.ovelhaeletrica.com\/blog\/wp-json\/wp\/v2\/media?parent=14742"}],"wp:term":[{"taxonomy":"category","embeddable":true,"href":"https:\/\/www.ovelhaeletrica.com\/blog\/wp-json\/wp\/v2\/categories?post=14742"},{"taxonomy":"post_tag","embeddable":true,"href":"https:\/\/www.ovelhaeletrica.com\/blog\/wp-json\/wp\/v2\/tags?post=14742"}],"curies":[{"name":"wp","href":"https:\/\/api.w.org\/{rel}","templated":true}]}}