{"id":13621,"date":"2013-02-27T06:30:10","date_gmt":"2013-02-27T09:30:10","guid":{"rendered":"http:\/\/www.ovelhaeletrica.com\/blog\/?p=13621"},"modified":"2013-02-27T06:30:10","modified_gmt":"2013-02-27T09:30:10","slug":"garrett-mcnamara-nas-ondas-de-nazare","status":"publish","type":"post","link":"https:\/\/www.ovelhaeletrica.com\/blog\/2013_02_27_garrett-mcnamara-nas-ondas-de-nazare.html","title":{"rendered":"Garrett McNamara nas ondas de Nazar\u00e9"},"content":{"rendered":"<p>V\u00eddeo in\u00e9dito com as tr\u00eas melhores ondas gigantes surfadas por Garrett McNamara na praia de Nazar\u00e9, em Portugal, em Janeiro de 2013.<br \/>\n<iframe loading=\"lazy\" width=\"640\" height=\"360\" src=\"https:\/\/www.youtube.com\/embed\/lcDtIQbX-Dg?feature=player_detailpage\" frameborder=\"0\" allowfullscreen><\/iframe><\/p>\n","protected":false},"excerpt":{"rendered":"<p>V\u00eddeo in\u00e9dito com as tr\u00eas melhores ondas gigantes surfadas por Garrett McNamara na praia de Nazar\u00e9, em Portugal, em Janeiro de 2013.<\/p>\n","protected":false},"author":2,"featured_media":0,"comment_status":"open","ping_status":"open","sticky":false,"template":"","format":"standard","meta":{"footnotes":""},"categories":[1,17],"tags":[],"class_list":["post-13621","post","type-post","status-publish","format-standard","hentry","category-blog","category-esportes"],"_links":{"self":[{"href":"https:\/\/www.ovelhaeletrica.com\/blog\/wp-json\/wp\/v2\/posts\/13621","targetHints":{"allow":["GET"]}}],"collection":[{"href":"https:\/\/www.ovelhaeletrica.com\/blog\/wp-json\/wp\/v2\/posts"}],"about":[{"href":"https:\/\/www.ovelhaeletrica.com\/blog\/wp-json\/wp\/v2\/types\/post"}],"author":[{"embeddable":true,"href":"https:\/\/www.ovelhaeletrica.com\/blog\/wp-json\/wp\/v2\/users\/2"}],"replies":[{"embeddable":true,"href":"https:\/\/www.ovelhaeletrica.com\/blog\/wp-json\/wp\/v2\/comments?post=13621"}],"version-history":[{"count":0,"href":"https:\/\/www.ovelhaeletrica.com\/blog\/wp-json\/wp\/v2\/posts\/13621\/revisions"}],"wp:attachment":[{"href":"https:\/\/www.ovelhaeletrica.com\/blog\/wp-json\/wp\/v2\/media?parent=13621"}],"wp:term":[{"taxonomy":"category","embeddable":true,"href":"https:\/\/www.ovelhaeletrica.com\/blog\/wp-json\/wp\/v2\/categories?post=13621"},{"taxonomy":"post_tag","embeddable":true,"href":"https:\/\/www.ovelhaeletrica.com\/blog\/wp-json\/wp\/v2\/tags?post=13621"}],"curies":[{"name":"wp","href":"https:\/\/api.w.org\/{rel}","templated":true}]}}