{"id":11326,"date":"2011-04-05T07:21:44","date_gmt":"2011-04-05T10:21:44","guid":{"rendered":"http:\/\/www.ovelhaeletrica.com\/blog\/?p=11326"},"modified":"2011-04-05T07:21:44","modified_gmt":"2011-04-05T10:21:44","slug":"visao-de-raio-x","status":"publish","type":"post","link":"https:\/\/www.ovelhaeletrica.com\/blog\/2011_04_05_visao-de-raio-x.html","title":{"rendered":"Vis\u00e3o de raio-X"},"content":{"rendered":"<p>Os caras t\u00e3o atrasados, eu tenho essas vis\u00f5es desde o tempo em que nem usava desodorante.<br \/>\n<center><iframe loading=\"lazy\" width=\"640\" height=\"390\" src=\"https:\/\/www.youtube.com\/embed\/acPRZouZpUE\" frameborder=\"0\" allowfullscreen><\/iframe><\/center><\/p>\n<p>Bela <a href=\"http:\/\/estilingada.com\/\" target=\"_blank\">Estilingada<\/a>!<\/p>\n","protected":false},"excerpt":{"rendered":"<p>Os caras t\u00e3o atrasados, eu tenho essas vis\u00f5es desde o tempo em que nem usava desodorante. Bela Estilingada!<\/p>\n","protected":false},"author":2,"featured_media":0,"comment_status":"open","ping_status":"open","sticky":false,"template":"","format":"standard","meta":{"footnotes":""},"categories":[1,48,16],"tags":[],"class_list":["post-11326","post","type-post","status-publish","format-standard","hentry","category-blog","category-mule","category-propaganda"],"_links":{"self":[{"href":"https:\/\/www.ovelhaeletrica.com\/blog\/wp-json\/wp\/v2\/posts\/11326","targetHints":{"allow":["GET"]}}],"collection":[{"href":"https:\/\/www.ovelhaeletrica.com\/blog\/wp-json\/wp\/v2\/posts"}],"about":[{"href":"https:\/\/www.ovelhaeletrica.com\/blog\/wp-json\/wp\/v2\/types\/post"}],"author":[{"embeddable":true,"href":"https:\/\/www.ovelhaeletrica.com\/blog\/wp-json\/wp\/v2\/users\/2"}],"replies":[{"embeddable":true,"href":"https:\/\/www.ovelhaeletrica.com\/blog\/wp-json\/wp\/v2\/comments?post=11326"}],"version-history":[{"count":0,"href":"https:\/\/www.ovelhaeletrica.com\/blog\/wp-json\/wp\/v2\/posts\/11326\/revisions"}],"wp:attachment":[{"href":"https:\/\/www.ovelhaeletrica.com\/blog\/wp-json\/wp\/v2\/media?parent=11326"}],"wp:term":[{"taxonomy":"category","embeddable":true,"href":"https:\/\/www.ovelhaeletrica.com\/blog\/wp-json\/wp\/v2\/categories?post=11326"},{"taxonomy":"post_tag","embeddable":true,"href":"https:\/\/www.ovelhaeletrica.com\/blog\/wp-json\/wp\/v2\/tags?post=11326"}],"curies":[{"name":"wp","href":"https:\/\/api.w.org\/{rel}","templated":true}]}}